{"id":59839,"date":"2023-05-20T10:08:31","date_gmt":"2023-05-20T16:08:31","guid":{"rendered":"http:\/\/bambapolitica.com.mx\/?p=59839"},"modified":"2023-05-20T10:08:35","modified_gmt":"2023-05-20T16:08:35","slug":"aicm-y-aifa-suspenden-operaciones-por-caida-de-ceniza-tras-explosiones-de-volcan-popocatepetl","status":"publish","type":"post","link":"https:\/\/bambapolitica.com.mx\/index.php\/2023\/05\/20\/aicm-y-aifa-suspenden-operaciones-por-caida-de-ceniza-tras-explosiones-de-volcan-popocatepetl\/","title":{"rendered":"AICM y AIFA suspenden operaciones por ca\u00edda de ceniza tras explosiones de volc\u00e1n Popocat\u00e9petl"},"content":{"rendered":"\n<p>Sabado 20 de mayo 2023<\/p>\n\n\n\n<h2 class=\"wp-block-heading\">Los aeropuertos informaron que suspendieron operaciones desde la madrugada y ya se labora en la limpieza de las pistas.<\/h2>\n\n\n\n<p>El Aeropuerto Internacional de la Ciudad de M\u00e9xico&nbsp;&#8216;Benito Ju\u00e1rez&#8217; (AICM) y el Aeropuerto Internacional Felipe \u00c1ngeles informaron que suspendieron operaciones desde esta madrugada, debido a la&nbsp;ca\u00edda de ceniza ocasionada&nbsp;por las recientes exhalaciones y explosiones del volc\u00e1n Popocat\u00e9petl.<\/p>\n\n\n\n<p>En Twitter, el AICM indic\u00f3 que cerr\u00f3 operaciones desde las 04:25 horas de hoy y\u00a0que por seguridad, se extender\u00e1 aproximadamente dos horas.<\/p>\n\n\n\n<p>Destac\u00f3 que el personal del aeropuerto y de las aerol\u00edneas ya realiza los trabajos de revisi\u00f3n y limpieza en pistas y calles de rodaje.<\/p>\n\n\n\n<p>&#8220;Por seguridad de las operaciones, el cierre del aeropuerto se extender\u00e1 por dos horas m\u00e1s, aproximadamente.<br>&#8220;Personal del AICM y aerol\u00edneas, estamos llevando a cabo la revisi\u00f3n y limpieza de pistas y calles de rodaje&#8221;, afirm\u00f3.<\/p>\n\n\n\n<p>AIFA suspende operaciones<br>El Aeropuerto Internacional Felipe \u00c1ngeles (AIFA) tambi\u00e9n&nbsp; inform\u00f3 que suspendi\u00f3 operaciones desde las 05:58 horas, debido a la ca\u00edda de ceniza.<\/p>\n\n\n\n<p>En Twitter, detall\u00f3 que ya se tomaron las medidas necesarias para la limpieza de las pistas.<\/p>\n\n\n\n<p>&#8220;Por presencia de ceniza volc\u00e1nica el aeropuerto cerr\u00f3 operaciones a partir de las 05:58 horas.<br>&#8220;Ya se tomaron medidas para limpieza de pistas y reanudar operaciones.\u00a0Seguiremos informando&#8221;, mencion\u00f3.<br>https:\/\/www.milenio.com\/politica\/comunidad\/aicm-suspende-operaciones-hoy-20-de-mayo-por-caida-de-ceniza<\/p>\n","protected":false},"excerpt":{"rendered":"<p>Sabado 20 de mayo 2023 Los aeropuertos informaron que suspendieron operaciones desde la madrugada y&#8230;<\/p>\n","protected":false},"author":3,"featured_media":59840,"comment_status":"closed","ping_status":"closed","sticky":false,"template":"","format":"standard","meta":{"footnotes":""},"categories":[4],"tags":[],"class_list":["post-59839","post","type-post","status-publish","format-standard","has-post-thumbnail","hentry","category-noticias-del-dia"],"_links":{"self":[{"href":"https:\/\/bambapolitica.com.mx\/index.php\/wp-json\/wp\/v2\/posts\/59839","targetHints":{"allow":["GET"]}}],"collection":[{"href":"https:\/\/bambapolitica.com.mx\/index.php\/wp-json\/wp\/v2\/posts"}],"about":[{"href":"https:\/\/bambapolitica.com.mx\/index.php\/wp-json\/wp\/v2\/types\/post"}],"author":[{"embeddable":true,"href":"https:\/\/bambapolitica.com.mx\/index.php\/wp-json\/wp\/v2\/users\/3"}],"replies":[{"embeddable":true,"href":"https:\/\/bambapolitica.com.mx\/index.php\/wp-json\/wp\/v2\/comments?post=59839"}],"version-history":[{"count":1,"href":"https:\/\/bambapolitica.com.mx\/index.php\/wp-json\/wp\/v2\/posts\/59839\/revisions"}],"predecessor-version":[{"id":59841,"href":"https:\/\/bambapolitica.com.mx\/index.php\/wp-json\/wp\/v2\/posts\/59839\/revisions\/59841"}],"wp:featuredmedia":[{"embeddable":true,"href":"https:\/\/bambapolitica.com.mx\/index.php\/wp-json\/wp\/v2\/media\/59840"}],"wp:attachment":[{"href":"https:\/\/bambapolitica.com.mx\/index.php\/wp-json\/wp\/v2\/media?parent=59839"}],"wp:term":[{"taxonomy":"category","embeddable":true,"href":"https:\/\/bambapolitica.com.mx\/index.php\/wp-json\/wp\/v2\/categories?post=59839"},{"taxonomy":"post_tag","embeddable":true,"href":"https:\/\/bambapolitica.com.mx\/index.php\/wp-json\/wp\/v2\/tags?post=59839"}],"curies":[{"name":"wp","href":"https:\/\/api.w.org\/{rel}","templated":true}]}}