{"id":59845,"date":"2023-05-20T10:19:48","date_gmt":"2023-05-20T16:19:48","guid":{"rendered":"http:\/\/bambapolitica.com.mx\/?p=59845"},"modified":"2023-05-20T10:19:49","modified_gmt":"2023-05-20T16:19:49","slug":"pina-contrato-a-cercana-de-garcia-luna-que-es-investigada-amlo","status":"publish","type":"post","link":"https:\/\/bambapolitica.com.mx\/index.php\/2023\/05\/20\/pina-contrato-a-cercana-de-garcia-luna-que-es-investigada-amlo\/","title":{"rendered":"Pi\u00f1a contrat\u00f3 a cercana de Garc\u00eda Luna que es investigada: AMLO"},"content":{"rendered":"\n<p>Sabado 20 de mayo 2023<\/p>\n\n\n\n<p>La presidenta de la Suprema Corte de Justicia de la Naci\u00f3n (SCJN), Norma Luc\u00eda Pi\u00f1a Hern\u00e1ndez, contrat\u00f3 a una ex colaboradora de Genaro Garc\u00eda Luna, quien firm\u00f3 contratos con empresas que est\u00e1n siendo investigadas en M\u00e9xico, denunci\u00f3 ayer el presidente Andr\u00e9s Manuel L\u00f3pez Obrador.<\/p>\n\n\n\n<p>En la ma\u00f1anera en Palacio Nacional, indic\u00f3 quCDMXe se trata de Sonia Vargas Terrero, quien se desempe\u00f1\u00f3 como directora general de recursos materiales, servicios generales e infraestructura de la Polic\u00eda Federal en el periodo de Garc\u00eda Luna, secretario de Seguridad P\u00fablica con Felipe Calder\u00f3n y hoy encarcelado en Estados Unidos por delitos relacionados con el crimen organizado.<\/p>\n\n\n\n<p>Detall\u00f3 que esa informaci\u00f3n lleg\u00f3 a Oficial\u00eda de Partes de Atenci\u00f3n Ciudadana de la Presidencia y al conocerla dijo que se preocup\u00f3 por la incorporaci\u00f3n de esta nueva funcionaria al Consejo de la Judicatura Federal (CJF).<\/p>\n\n\n\n<p>\u201cAyer me lleg\u00f3 una informaci\u00f3n acerca de que la presidenta de la SCJN contrat\u00f3 a la que era directora de recursos materiales cuando Garc\u00eda Luna, y est\u00e1 en investigaci\u00f3n de todos los contratos que entregaron\u201d, remarc\u00f3.<\/p>\n\n\n\n<p>Pidi\u00f3 a sus colaboradores proyectar una ficha informativa en la que se se\u00f1alaba que Vargas Terrero \u201cfirm\u00f3 contratos relacionados con la adquisici\u00f3n, mantenimiento, prestaci\u00f3n de servicios e infraestructura de la Polic\u00eda Federal Preventiva con empresas que se encuentran en investigaci\u00f3n por parte de la Unidad de Inteligencia Financiera y la Fiscal\u00eda General de la Rep\u00fablica (FGR)\u201d.<\/p>\n\n\n\n<p>De acuerdo con los datos presentados, la contrataci\u00f3n fue el primero de abril pasado en el cargo de directora de la Coordinaci\u00f3n de Administraci\u00f3n del CJF.<\/p>\n\n\n\n<p>El Presidente se\u00f1al\u00f3: \u201cA ver, \u00bfcu\u00e1ndo entra esta se\u00f1ora a trabajar ah\u00ed y cu\u00e1ndo fue que un juez, un magistrado de la Corte descongela las cuentas de la esposa de Garc\u00eda Luna? Pues coincide, (si) ya estaba esta se\u00f1ora ah\u00ed. Digo, no estoy asegur\u00e1ndolo, pero, a ver, \u00bfcu\u00e1ndo entr\u00f3?, \u00bfy cu\u00e1ndo toman la decisi\u00f3n de descongelar las cuentas?\u201d<\/p>\n\n\n\n<p>Entonces, su coordinador de comunicaci\u00f3n, Jes\u00fas Ram\u00edrez, proyect\u00f3 una nueva informaci\u00f3n del portal del INAI donde aparecen las contrataciones en los \u00e1mbitos p\u00fablicos y le inform\u00f3 al mandatario que, de acuerdo con esos datos, la ex colaboradora de Garc\u00eda Luna \u201cfue contratada en la Judicatura el primero de enero de este a\u00f1o\u201d.<\/p>\n\n\n\n<p>A lo que el tabasque\u00f1o indic\u00f3: \u201c\u00bfY cu\u00e1ndo fue lo de que descongelaron las cuentas?\u201d; Ram\u00edrez le coment\u00f3 que el 23 de febrero de este a\u00f1o. \u201cAh, 23 de febrero, o sea, ya estaba ah\u00ed ella. Es una hip\u00f3tesis\u201d, cerr\u00f3 L\u00f3pez Obrador.<\/p>\n\n\n\n<h2 class=\"wp-block-heading\">Otra versi\u00f3n<\/h2>\n\n\n\n<p>Sin embargo, de acuerdo con funcionarios del Poder Judicial, la llegada de Vargas Terrero en abril de este a\u00f1o, como directora de \u00e1rea en la Direcci\u00f3n de Control de N\u00f3minas, que forma parte de la Coordinaci\u00f3n de Administraci\u00f3n Regional en la Ciudad de M\u00e9xico, fue por decisi\u00f3n de los consejeros Sergio Molina Mart\u00ednez, Bernardo B\u00e1tiz y Lilia M\u00f3nica L\u00f3pez Ben\u00edtez.<\/p>\n\n\n\n<p>Adem\u00e1s, Vargas Terrero, actual secretaria ejecutiva de Administraci\u00f3n del CJF, antes colabor\u00f3 en la canciller\u00eda, de julio de 2017 a febrero de 2019, y en la FGR de marzo de 2019 a marzo de este a\u00f1o. Seg\u00fan los mismos funcionarios judiciales, su contrataci\u00f3n no la habr\u00eda autorizado Pi\u00f1a, sino ese grupo de consejeros.<\/p>\n\n\n\n<p>De acuerdo con registros del CJF, no ha presentado ninguna declaraci\u00f3n patrimonial ni tampoco existen registros de su paso por distintas dependencias en la base de datos de Declaranet.<\/p>\n\n\n\n<p>Su curr\u00edculo refiere que de julio a octubre de 2000, en la Secretar\u00eda de Seguridad P\u00fablica que encabez\u00f3 Garc\u00eda Luna, Vargas Terrero se desempe\u00f1\u00f3 como analista de adquisiciones y de noviembre de 2000 a mayo de 2002 fue jefa del departamento de licitaciones de la Direcci\u00f3n de Adquisiciones.<\/p>\n\n\n\n<p>Adem\u00e1s, de julio de 2008 a mayo de 2010 ocup\u00f3 el cargo de directora general de recursos materiales, servicios generales e infraestructura mientras Luis C\u00e1rdenas Palomino, uno de los colaboradores m\u00e1s cercanos de Garc\u00eda Luna e investigado por actos de corrupci\u00f3n, se desempe\u00f1\u00f3 como titular de la Divisi\u00f3n de Seguridad Regional y jefe de la Coordinaci\u00f3n de Inteligencia y Prevenci\u00f3n del Delito.<\/p>\n\n\n\n<p>En cuanto a los mensajes de WhatsApp enviados por la ministra Pi\u00f1a al presidente del Senado, Alejandro Armenta, el mandatario aconsej\u00f3 al legislador de Morena no presentar ninguna denuncia, porque la \u201cva a convertir en m\u00e1rtir\u201d.<\/p>\n\n\n\n<p>Con informaci\u00f3n de Gustavo Castillo<\/p>\n\n\n\n<p><a href=\"https:\/\/www.jornada.com.mx\/notas\/2023\/05\/20\/politica\/pina-contrato-a-cercana-de-garcia-luna-que-es-investigada-amlo\/?from=homeonline&amp;block=politica&amp;opt=articlelink\">https:\/\/www.jornada.com.mx\/notas\/2023\/05\/20\/politica\/pina-contrato-a-cercana-de-garcia-luna-que-es-investigada-amlo\/?from=homeonline&amp;block=politica&amp;opt=articlelink<\/a><\/p>\n","protected":false},"excerpt":{"rendered":"<p>Sabado 20 de mayo 2023 La presidenta de la Suprema Corte de Justicia de la&#8230;<\/p>\n","protected":false},"author":3,"featured_media":59846,"comment_status":"closed","ping_status":"closed","sticky":false,"template":"","format":"standard","meta":{"footnotes":""},"categories":[4],"tags":[],"class_list":["post-59845","post","type-post","status-publish","format-standard","has-post-thumbnail","hentry","category-noticias-del-dia"],"_links":{"self":[{"href":"https:\/\/bambapolitica.com.mx\/index.php\/wp-json\/wp\/v2\/posts\/59845","targetHints":{"allow":["GET"]}}],"collection":[{"href":"https:\/\/bambapolitica.com.mx\/index.php\/wp-json\/wp\/v2\/posts"}],"about":[{"href":"https:\/\/bambapolitica.com.mx\/index.php\/wp-json\/wp\/v2\/types\/post"}],"author":[{"embeddable":true,"href":"https:\/\/bambapolitica.com.mx\/index.php\/wp-json\/wp\/v2\/users\/3"}],"replies":[{"embeddable":true,"href":"https:\/\/bambapolitica.com.mx\/index.php\/wp-json\/wp\/v2\/comments?post=59845"}],"version-history":[{"count":1,"href":"https:\/\/bambapolitica.com.mx\/index.php\/wp-json\/wp\/v2\/posts\/59845\/revisions"}],"predecessor-version":[{"id":59847,"href":"https:\/\/bambapolitica.com.mx\/index.php\/wp-json\/wp\/v2\/posts\/59845\/revisions\/59847"}],"wp:featuredmedia":[{"embeddable":true,"href":"https:\/\/bambapolitica.com.mx\/index.php\/wp-json\/wp\/v2\/media\/59846"}],"wp:attachment":[{"href":"https:\/\/bambapolitica.com.mx\/index.php\/wp-json\/wp\/v2\/media?parent=59845"}],"wp:term":[{"taxonomy":"category","embeddable":true,"href":"https:\/\/bambapolitica.com.mx\/index.php\/wp-json\/wp\/v2\/categories?post=59845"},{"taxonomy":"post_tag","embeddable":true,"href":"https:\/\/bambapolitica.com.mx\/index.php\/wp-json\/wp\/v2\/tags?post=59845"}],"curies":[{"name":"wp","href":"https:\/\/api.w.org\/{rel}","templated":true}]}}