{"id":59848,"date":"2023-05-20T10:24:22","date_gmt":"2023-05-20T16:24:22","guid":{"rendered":"http:\/\/bambapolitica.com.mx\/?p=59848"},"modified":"2023-05-20T10:24:24","modified_gmt":"2023-05-20T16:24:24","slug":"colectivas-marchan-por-roxana-ruiz-en-cdmx-exigen-que-no-sea-encarcelada","status":"publish","type":"post","link":"https:\/\/bambapolitica.com.mx\/index.php\/2023\/05\/20\/colectivas-marchan-por-roxana-ruiz-en-cdmx-exigen-que-no-sea-encarcelada\/","title":{"rendered":"Colectivas marchan por Roxana Ru\u00edz en CDMX; exigen que no sea encarcelada"},"content":{"rendered":"\n<p>Sabado 20 de mayo 2023<\/p>\n\n\n\n<h3 class=\"wp-block-heading\">El colectivo \u201cNos Queremos Vivas Neza\u201d, quien ha acompa\u00f1ado el proceso de Roxana durante dos a\u00f1os<\/h3>\n\n\n\n<p>Al grito de&nbsp;<strong><em>\u201cRoxana es valiente no una delincuente\u201d&nbsp;<\/em><\/strong>y<em><strong>&nbsp;\u201cLibertad a Roxana por luchar\u201d,&nbsp;<\/strong><\/em>colectivas exigieron que se absuelva la sentencia de Roxana Ruiz, la joven de 22 a\u00f1os a la que<strong><a rel=\"noreferrer noopener\" target=\"_blank\" href=\"https:\/\/www.elsoldemexico.com.mx\/mexico\/justicia\/sentencian-a-roxana-ruiz-a-mas-de-6-anos-de-prision-por-matar-al-hombre-que-la-violo-10070122.html\">&nbsp;le dictaron seis a\u00f1os de prisi\u00f3n&nbsp;<\/a><\/strong>por asesinar a su agresor sexual en defensa propia.<\/p>\n\n\n\n<p>La tarde de este viernes, Roxana Ruiz y&nbsp;<strong>el colectivo&nbsp;<em>\u201cNos Queremos Vivas Neza\u201d,<\/em>&nbsp;<\/strong>quien ha acompa\u00f1ado el proceso de Roxana durante dos a\u00f1os, marcharon desde la Glorieta de las Mujeres que luchan, hasta el \u00c1ngel de la independencia.<\/p>\n\n\n\n<p><em>\u201cEs necesario que alcemos la voz, es necesario que tengamos que hacer estas movilizaciones para ser escuchadas, es necesario porque sino el gobierno no nos escucha, es por eso que estamos aqu\u00ed quitandonos el miedo, alzando la voz para que se nos haga justicia\u201d,<\/em>\u00a0manifest\u00f3 Roxana durante la movilizaci\u00f3n.<\/p>\n\n\n\n<p>En la marcha Roxana recibi\u00f3 muestras de<strong>&nbsp;apoyo de activistas, madres v\u00edctimas de feminicidios y mujeres v\u00edctimas de violencia.<\/strong><\/p>\n\n\n\n<p>El pasado<strong>\u00a0lunes 15 de mayo,<\/strong>\u00a0la jueza M\u00f3nica Osorio Palominio\u00a0<strong>dict\u00f3 sentencia condenatoria de seis a\u00f1os y dos meses a Roxana Ru\u00edz<\/strong>\u00a0por ejercer\u00a0<strong>uso excesivo de la fuerza al defenderse de su violentador.<\/strong><\/p>\n\n\n\n<p><a href=\"https:\/\/www.elsoldemexico.com.mx\/metropoli\/colectivas-marchan-por-roxana-ruiz-en-cdmx-exigen-que-no-sea-encarcelada-10091874.html\">https:\/\/www.elsoldemexico.com.mx\/metropoli\/colectivas-marchan-por-roxana-ruiz-en-cdmx-exigen-que-no-sea-encarcelada-10091874.html<\/a><\/p>\n","protected":false},"excerpt":{"rendered":"<p>Sabado 20 de mayo 2023 El colectivo \u201cNos Queremos Vivas Neza\u201d, quien ha acompa\u00f1ado el&#8230;<\/p>\n","protected":false},"author":3,"featured_media":59849,"comment_status":"closed","ping_status":"closed","sticky":true,"template":"","format":"standard","meta":{"footnotes":""},"categories":[4],"tags":[],"class_list":["post-59848","post","type-post","status-publish","format-standard","has-post-thumbnail","hentry","category-noticias-del-dia"],"_links":{"self":[{"href":"https:\/\/bambapolitica.com.mx\/index.php\/wp-json\/wp\/v2\/posts\/59848","targetHints":{"allow":["GET"]}}],"collection":[{"href":"https:\/\/bambapolitica.com.mx\/index.php\/wp-json\/wp\/v2\/posts"}],"about":[{"href":"https:\/\/bambapolitica.com.mx\/index.php\/wp-json\/wp\/v2\/types\/post"}],"author":[{"embeddable":true,"href":"https:\/\/bambapolitica.com.mx\/index.php\/wp-json\/wp\/v2\/users\/3"}],"replies":[{"embeddable":true,"href":"https:\/\/bambapolitica.com.mx\/index.php\/wp-json\/wp\/v2\/comments?post=59848"}],"version-history":[{"count":1,"href":"https:\/\/bambapolitica.com.mx\/index.php\/wp-json\/wp\/v2\/posts\/59848\/revisions"}],"predecessor-version":[{"id":59850,"href":"https:\/\/bambapolitica.com.mx\/index.php\/wp-json\/wp\/v2\/posts\/59848\/revisions\/59850"}],"wp:featuredmedia":[{"embeddable":true,"href":"https:\/\/bambapolitica.com.mx\/index.php\/wp-json\/wp\/v2\/media\/59849"}],"wp:attachment":[{"href":"https:\/\/bambapolitica.com.mx\/index.php\/wp-json\/wp\/v2\/media?parent=59848"}],"wp:term":[{"taxonomy":"category","embeddable":true,"href":"https:\/\/bambapolitica.com.mx\/index.php\/wp-json\/wp\/v2\/categories?post=59848"},{"taxonomy":"post_tag","embeddable":true,"href":"https:\/\/bambapolitica.com.mx\/index.php\/wp-json\/wp\/v2\/tags?post=59848"}],"curies":[{"name":"wp","href":"https:\/\/api.w.org\/{rel}","templated":true}]}}