{"id":59851,"date":"2023-05-20T10:42:01","date_gmt":"2023-05-20T16:42:01","guid":{"rendered":"http:\/\/bambapolitica.com.mx\/?p=59851"},"modified":"2023-05-20T10:42:03","modified_gmt":"2023-05-20T16:42:03","slug":"arropan-dirigentes-nacionales-del-pri-pan-y-prd-a-alejandra-del-moral","status":"publish","type":"post","link":"https:\/\/bambapolitica.com.mx\/index.php\/2023\/05\/20\/arropan-dirigentes-nacionales-del-pri-pan-y-prd-a-alejandra-del-moral\/","title":{"rendered":"ARROPAN DIRIGENTES NACIONALES DEL PRI, PAN Y PRD A ALEJANDRA DEL MORAL"},"content":{"rendered":"\n<p>sabado 20 de mayo 2023<\/p>\n\n\n\n<p>\u2022Aqu\u00ed estamos con nuestra abanderada, cuenta con el apoyo incondicional de la alianza, no la hemos abandonado y estamos seguros que ella ser\u00e1 la pr\u00f3xima gobernadora del Estado de M\u00e9xico, afirmaron.<\/p>\n\n\n\n<p>Los presidentes nacionales del PRI, PAN y PRD, Alejandro Moreno, Marko Cortes y Jes\u00fas Zambrano, destacaron el trabajo de campa\u00f1a que ha realizado Alejandra Del Moral Vela por cada rinc\u00f3n del Estado de M\u00e9xico y se mostraron seguros de que ganar\u00e1 la elecci\u00f3n del pr\u00f3ximo 4 de junio.<\/p>\n\n\n\n<p>Previo a una reuni\u00f3n de trabajo, la candidata de la coalici\u00f3n Va por el Estado de M\u00e9xico a la gubernatura agradeci\u00f3 a los l\u00edderes de los partidos de la alianza, su respaldo y su inter\u00e9s en la elecci\u00f3n mexiquense.<\/p>\n\n\n\n<p>Jes\u00fas Zambrano dej\u00f3 en claro que Alejandra Del Moral gan\u00f3 el debate realizado el d\u00eda de ayer en el Instituto Electoral del Estado de M\u00e9xico (IEEM), por ello, en Morena se encuentran desesperados porque ya se saben perdidos, afirm\u00f3.<\/p>\n\n\n\n<p>Aqu\u00ed estamos con nuestra abanderada, cuenta con el apoyo incondicional de la alianza, no la hemos abandonado y estamos seguros que ella ser\u00e1 la pr\u00f3xima gobernadora del Estado de M\u00e9xico, enfatiz\u00f3.<\/p>\n\n\n\n<p>Marko Cort\u00e9s recalc\u00f3 a su vez que el 4 de junio ser\u00e1 un gran d\u00eda para nuestro pa\u00eds, con el triunfo de Coahuila y el Estado de M\u00e9xico vamos a mandar un mensaje muy potente, \u201cproyecto que alcanza gana y Alejandra Del Moral ya la alcanz\u00f3 y vamos a ganar\u201d.<\/p>\n\n\n\n<p>Expres\u00f3 que ella ha realizado una campa\u00f1a de menos a m\u00e1s, demostrando capacidad no s\u00f3lo para ganar, sino para gobernar la entidad mexiquense, este proyecto es ganador, es un proyecto de cambio y ser\u00e1 el primer gobierno de coalici\u00f3n en el pa\u00eds, puntualiz\u00f3.<\/p>\n\n\n\n<p>Alejandro Moreno C\u00e1rdenas sostuvo que la coalici\u00f3n se encuentra fortalecida y comprometida para ganar, \u201cestamos listos y firmes para cerrar la campa\u00f1a con unidad total de los partidos de la coalici\u00f3n PRI, PAN, PRD y Nueva Alianza\u201d.<\/p>\n\n\n\n<p>\u201cAlejandra Del Moral tiene la capacidad y el proyecto para encabezar los rumbos del Estado de M\u00e9xico, todos los actores pol\u00edticos mexiquenses est\u00e1n echados para adelante en torno a nuestra candidata, no existe ninguna duda, estamos trabajando fuerte y vamos a ganar\u201d, expres\u00f3.<\/p>\n\n\n\n<p><\/p>\n","protected":false},"excerpt":{"rendered":"<p>sabado 20 de mayo 2023 \u2022Aqu\u00ed estamos con nuestra abanderada, cuenta con el apoyo incondicional&#8230;<\/p>\n","protected":false},"author":3,"featured_media":59857,"comment_status":"closed","ping_status":"closed","sticky":false,"template":"","format":"standard","meta":{"footnotes":""},"categories":[4],"tags":[],"class_list":["post-59851","post","type-post","status-publish","format-standard","has-post-thumbnail","hentry","category-noticias-del-dia"],"_links":{"self":[{"href":"https:\/\/bambapolitica.com.mx\/index.php\/wp-json\/wp\/v2\/posts\/59851","targetHints":{"allow":["GET"]}}],"collection":[{"href":"https:\/\/bambapolitica.com.mx\/index.php\/wp-json\/wp\/v2\/posts"}],"about":[{"href":"https:\/\/bambapolitica.com.mx\/index.php\/wp-json\/wp\/v2\/types\/post"}],"author":[{"embeddable":true,"href":"https:\/\/bambapolitica.com.mx\/index.php\/wp-json\/wp\/v2\/users\/3"}],"replies":[{"embeddable":true,"href":"https:\/\/bambapolitica.com.mx\/index.php\/wp-json\/wp\/v2\/comments?post=59851"}],"version-history":[{"count":1,"href":"https:\/\/bambapolitica.com.mx\/index.php\/wp-json\/wp\/v2\/posts\/59851\/revisions"}],"predecessor-version":[{"id":59858,"href":"https:\/\/bambapolitica.com.mx\/index.php\/wp-json\/wp\/v2\/posts\/59851\/revisions\/59858"}],"wp:featuredmedia":[{"embeddable":true,"href":"https:\/\/bambapolitica.com.mx\/index.php\/wp-json\/wp\/v2\/media\/59857"}],"wp:attachment":[{"href":"https:\/\/bambapolitica.com.mx\/index.php\/wp-json\/wp\/v2\/media?parent=59851"}],"wp:term":[{"taxonomy":"category","embeddable":true,"href":"https:\/\/bambapolitica.com.mx\/index.php\/wp-json\/wp\/v2\/categories?post=59851"},{"taxonomy":"post_tag","embeddable":true,"href":"https:\/\/bambapolitica.com.mx\/index.php\/wp-json\/wp\/v2\/tags?post=59851"}],"curies":[{"name":"wp","href":"https:\/\/api.w.org\/{rel}","templated":true}]}}