{"id":59862,"date":"2023-05-21T11:12:30","date_gmt":"2023-05-21T17:12:30","guid":{"rendered":"http:\/\/bambapolitica.com.mx\/?p=59862"},"modified":"2023-05-21T11:12:34","modified_gmt":"2023-05-21T17:12:34","slug":"claudia-sheinbaum-es-recibida-con-el-apoyo-de-alcaldes-presidentes-municipales-senadores-diputados-y-miembros-de-la-sociedad-civil-al-grito-de-es-claudia","status":"publish","type":"post","link":"https:\/\/bambapolitica.com.mx\/index.php\/2023\/05\/21\/claudia-sheinbaum-es-recibida-con-el-apoyo-de-alcaldes-presidentes-municipales-senadores-diputados-y-miembros-de-la-sociedad-civil-al-grito-de-es-claudia\/","title":{"rendered":"Claudia Sheinbaum es recibida con el apoyo de alcaldes, presidentes municipales, senadores, diputados y miembros de la sociedad civil al grito de: \u2018\u2019Es Claudia\u2019\u2019"},"content":{"rendered":"\n<p>Sabado 19 de mayo 2023<\/p>\n\n\n\n<ul class=\"wp-block-list\">\n<li>Sheinbaum: Estamos brindando a los habitantes de la Zona Metropolitana del Valle de M\u00e9xico un gran presente y un mejor futuro<\/li>\n\n\n\n<li>Junto con los gobernadores Alfredo del Mazo y Julio Menchaca Salazar, Claudia Sheinbaum garantiz\u00f3 que el trabajo en equipo entre gobiernos es vital para mejorar el futuro de las y los habitantes<\/li>\n<\/ul>\n\n\n\n<p>Ciudad de M\u00e9xico a 19 de mayo de 2023.- Durante la Primera Sesi\u00f3n Ordinaria del Consejo de Desarrollo Metropolitano del Valle de M\u00e9xico 2023, Claudia Sheinbaum Pardo, jefa de gobierno de la Ciudad de M\u00e9xico, fue arropada a su arribo con el apoyo de alcaldes, presidentes municipales, senadores, diputados y miembros de la sociedad civil, a trav\u00e9s de aplausos y porras al grito de \u2018\u2019Es Claudia\u2019\u2019 y \u2018\u2019Presidenta, Presidenta\u2019\u2019.<\/p>\n\n\n\n<p>A su vez, Guillermo Olivares Reyna, secretario de gobierno del estado de Hidalgo destac\u00f3 que Claudia Sheinbaum es una mujer muy querida por todos los mexicanos.<\/p>\n\n\n\n<p>\u2018\u2019El ejemplo a seguir es de una persona que ha demostrado temple, firmeza, car\u00e1cter, conocimiento profundo de las causas sociales, una personas querida por todos los mexicanos y mexicanas, la Dra. Claudia Sheinbaum Pardo\u2019\u2019, puntualiz\u00f3.<\/p>\n\n\n\n<p>En este sentido, el gobernador del Estado de M\u00e9xico, Alfredo del Mazo, agradeci\u00f3 la voluntad y el esfuerzo de Sheinbaum Pardo, como jefa de gobierno de la capital, para ser pieza clave en la coordinaci\u00f3n metropolitana m\u00e1s importante y sin precedentes en la historia del pa\u00eds.<\/p>\n\n\n\n<p>En el marco de dicho encuentro, Claudia Sheinbaum, jefa de Gobierno de la Ciudad se M\u00e9xico asegur\u00f3 que, una de las mejores estrategias para lograr que el futuro de los ciudadanos sea cada vez mejor es realizando un trabajo en equipo con otras entidades de la Rep\u00fablica Mexicana, como es el caso del Estado de M\u00e9xico e Hidalgo.<\/p>\n\n\n\n<p>Recalcando que juntos, las tres entidades tienen una historia de m\u00e1s de 3 mil a\u00f1os, se\u00f1al\u00f3 que hoy m\u00e1s que nunca las fronteras no deben de ser un limitante para crear los programas, obras y proyectos que de manera conjunta sumen un esfuerzo hist\u00f3rico para seguir avanzando hac\u00eda la transformaci\u00f3n.<\/p>\n\n\n\n<p>Frente a alcaldes, presidentes municipales, senadores, diputados y miembros de la sociedad civil, Sheinbaum Pardo destac\u00f3 que la zona metropolitana con sus 23 millones de habitantes es una de las fuerzas econ\u00f3micas con m\u00e1s potencial del pa\u00eds, pues asever\u00f3 que al momento los tres estados representan el 23 por ciento de la riqueza nacional, la cual se comparte y se distribuye desde la zona m\u00e1s suroeste hasta el noroeste de M\u00e9xico.<\/p>\n\n\n\n<p>\u2019\u2019Somos m\u00e1s all\u00e1 de la divisi\u00f3n polic\u00eda que establece la Constituci\u00f3n\u2019\u2019, coment\u00f3.<\/p>\n\n\n\n<p><a href=\"https:\/\/www.eleconomista.com.mx\/politica\/Claudia-Sheinbaum-es-recibida-con-el-apoyo-de-alcaldes-presidentes-municipales-senadores-diputados-y-miembros-de-la-sociedad-civil-al-grito-de-Es-Claudia-20230519-0054.html\">https:\/\/www.eleconomista.com.mx\/politica\/Claudia-Sheinbaum-es-recibida-con-el-apoyo-de-alcaldes-presidentes-municipales-senadores-diputados-y-miembros-de-la-sociedad-civil-al-grito-de-Es-Claudia-20230519-0054.html<\/a><\/p>\n","protected":false},"excerpt":{"rendered":"<p>Sabado 19 de mayo 2023 Ciudad de M\u00e9xico a 19 de mayo de 2023.- Durante&#8230;<\/p>\n","protected":false},"author":3,"featured_media":59863,"comment_status":"closed","ping_status":"closed","sticky":false,"template":"","format":"standard","meta":{"footnotes":""},"categories":[4],"tags":[],"class_list":["post-59862","post","type-post","status-publish","format-standard","has-post-thumbnail","hentry","category-noticias-del-dia"],"_links":{"self":[{"href":"https:\/\/bambapolitica.com.mx\/index.php\/wp-json\/wp\/v2\/posts\/59862","targetHints":{"allow":["GET"]}}],"collection":[{"href":"https:\/\/bambapolitica.com.mx\/index.php\/wp-json\/wp\/v2\/posts"}],"about":[{"href":"https:\/\/bambapolitica.com.mx\/index.php\/wp-json\/wp\/v2\/types\/post"}],"author":[{"embeddable":true,"href":"https:\/\/bambapolitica.com.mx\/index.php\/wp-json\/wp\/v2\/users\/3"}],"replies":[{"embeddable":true,"href":"https:\/\/bambapolitica.com.mx\/index.php\/wp-json\/wp\/v2\/comments?post=59862"}],"version-history":[{"count":1,"href":"https:\/\/bambapolitica.com.mx\/index.php\/wp-json\/wp\/v2\/posts\/59862\/revisions"}],"predecessor-version":[{"id":59864,"href":"https:\/\/bambapolitica.com.mx\/index.php\/wp-json\/wp\/v2\/posts\/59862\/revisions\/59864"}],"wp:featuredmedia":[{"embeddable":true,"href":"https:\/\/bambapolitica.com.mx\/index.php\/wp-json\/wp\/v2\/media\/59863"}],"wp:attachment":[{"href":"https:\/\/bambapolitica.com.mx\/index.php\/wp-json\/wp\/v2\/media?parent=59862"}],"wp:term":[{"taxonomy":"category","embeddable":true,"href":"https:\/\/bambapolitica.com.mx\/index.php\/wp-json\/wp\/v2\/categories?post=59862"},{"taxonomy":"post_tag","embeddable":true,"href":"https:\/\/bambapolitica.com.mx\/index.php\/wp-json\/wp\/v2\/tags?post=59862"}],"curies":[{"name":"wp","href":"https:\/\/api.w.org\/{rel}","templated":true}]}}