{"id":59865,"date":"2023-05-21T20:58:40","date_gmt":"2023-05-22T02:58:40","guid":{"rendered":"http:\/\/bambapolitica.com.mx\/?p=59865"},"modified":"2023-05-21T20:58:42","modified_gmt":"2023-05-22T02:58:42","slug":"tras-intensa-busqueda-grupo-interinstitucional-detiene-a-sujeto-con-arma-larga-y-mas-de-100-cartuchos-utiles-en-zona-norte-de-sclc","status":"publish","type":"post","link":"https:\/\/bambapolitica.com.mx\/index.php\/2023\/05\/21\/tras-intensa-busqueda-grupo-interinstitucional-detiene-a-sujeto-con-arma-larga-y-mas-de-100-cartuchos-utiles-en-zona-norte-de-sclc\/","title":{"rendered":"Tras intensa b\u00fasqueda, Grupo Interinstitucional detiene a sujeto con arma larga y m\u00e1s de 100 cartuchos \u00fatiles en zona norte de SCLC"},"content":{"rendered":"\n<p>Domingo 21 de mayo 2023<\/p>\n\n\n\n<p>San Crist\u00f3bal de Las Casas, Chiapas\/20 de mayo de 2023. &#8211; Luego de que se recibieran varios reportes sobre detonaciones de arma de fuego de grueso calibre en la zona norte de la ciudad, elementos del Grupo Interinstitucional montaron un fuerte operativo de b\u00fasqueda y localizaci\u00f3n, el cual dio como resultado la detenci\u00f3n y puesta a disposici\u00f3n ante la Fiscal\u00eda General de la Rep\u00fablica (FGR) de Gabriel Armando &#8220;N N&#8221;, de 25 a\u00f1os de edad, por su presunta responsabilidad en el delito de Violaci\u00f3n a la Ley Federal de Armas de Fuego y Explosivos.<\/p>\n\n\n\n<p>De acuerdo con el informe policial, alrededor de las 21:55 horas de este viernes se recibieron reportes de que dichas detonaciones se realizaban desde un veh\u00edculo blanco, tipo Camaro, por lo que se coordin\u00f3 su b\u00fasqueda por las colonias Emiliano Zapata, Erasto Urbina, Fraccionamiento Villa Real y la colonia Once Cuartos, localiz\u00e1ndolo finalmente sobre el cruce de la Diagonal Ram\u00f3n Larr\u00e1inzar y calle Tabasco, en el Barrio de San Ram\u00f3n.<\/p>\n\n\n\n<p>Al momento realizar inspecci\u00f3n, le fue encontrado en el asiento del copiloto un fusil de asalto (AR-15), con un cargador abastecido con 30 cartuchos \u00fatiles calibre 5.56 mm., as\u00ed como otros 76 proyectiles de las mismas caracter\u00edsticas, los cuales portaba en el interior de una bolsa tipo mariconera, por lo que siendo las 22:50 horas fue puesto a disposici\u00f3n del ministerio p\u00fablico federal, junto con el autom\u00f3vil Chevrolet, tipo Camaro, de color blanco, sin placas de circulaci\u00f3n y cristales polarizados, quien determinar\u00e1 su situaci\u00f3n jur\u00eddica conforme a derecho.<\/p>\n","protected":false},"excerpt":{"rendered":"<p>Domingo 21 de mayo 2023 San Crist\u00f3bal de Las Casas, Chiapas\/20 de mayo de 2023&#8230;.<\/p>\n","protected":false},"author":3,"featured_media":59866,"comment_status":"closed","ping_status":"closed","sticky":false,"template":"","format":"standard","meta":{"footnotes":""},"categories":[4],"tags":[],"class_list":["post-59865","post","type-post","status-publish","format-standard","has-post-thumbnail","hentry","category-noticias-del-dia"],"_links":{"self":[{"href":"https:\/\/bambapolitica.com.mx\/index.php\/wp-json\/wp\/v2\/posts\/59865","targetHints":{"allow":["GET"]}}],"collection":[{"href":"https:\/\/bambapolitica.com.mx\/index.php\/wp-json\/wp\/v2\/posts"}],"about":[{"href":"https:\/\/bambapolitica.com.mx\/index.php\/wp-json\/wp\/v2\/types\/post"}],"author":[{"embeddable":true,"href":"https:\/\/bambapolitica.com.mx\/index.php\/wp-json\/wp\/v2\/users\/3"}],"replies":[{"embeddable":true,"href":"https:\/\/bambapolitica.com.mx\/index.php\/wp-json\/wp\/v2\/comments?post=59865"}],"version-history":[{"count":1,"href":"https:\/\/bambapolitica.com.mx\/index.php\/wp-json\/wp\/v2\/posts\/59865\/revisions"}],"predecessor-version":[{"id":59867,"href":"https:\/\/bambapolitica.com.mx\/index.php\/wp-json\/wp\/v2\/posts\/59865\/revisions\/59867"}],"wp:featuredmedia":[{"embeddable":true,"href":"https:\/\/bambapolitica.com.mx\/index.php\/wp-json\/wp\/v2\/media\/59866"}],"wp:attachment":[{"href":"https:\/\/bambapolitica.com.mx\/index.php\/wp-json\/wp\/v2\/media?parent=59865"}],"wp:term":[{"taxonomy":"category","embeddable":true,"href":"https:\/\/bambapolitica.com.mx\/index.php\/wp-json\/wp\/v2\/categories?post=59865"},{"taxonomy":"post_tag","embeddable":true,"href":"https:\/\/bambapolitica.com.mx\/index.php\/wp-json\/wp\/v2\/tags?post=59865"}],"curies":[{"name":"wp","href":"https:\/\/api.w.org\/{rel}","templated":true}]}}