{"id":59874,"date":"2023-05-21T21:10:02","date_gmt":"2023-05-22T03:10:02","guid":{"rendered":"http:\/\/bambapolitica.com.mx\/?p=59874"},"modified":"2023-05-21T21:10:06","modified_gmt":"2023-05-22T03:10:06","slug":"urge-mantenimiento-a-principal-ruta-de-evacuacion-en-zona-aledana-al-volcan-popocatepetl-advierte-presidenta-municipal","status":"publish","type":"post","link":"https:\/\/bambapolitica.com.mx\/index.php\/2023\/05\/21\/urge-mantenimiento-a-principal-ruta-de-evacuacion-en-zona-aledana-al-volcan-popocatepetl-advierte-presidenta-municipal\/","title":{"rendered":"*URGE MANTENIMIENTO A PRINCIPAL RUTA DE EVACUACI\u00d3N EN ZONA ALEDA\u00d1A AL VOLC\u00c1N POPOCAT\u00c9PETL, ADVIERTE PRESIDENTA MUNICIPAL.*"},"content":{"rendered":"\n<p>Domingo 21 de mayo 2023<\/p>\n\n\n\n<p>*URGE MANTENIMIENTO A PRINCIPAL RUTA DE EVACUACI\u00d3N EN ZONA ALEDA\u00d1A AL VOLC\u00c1N POPOCAT\u00c9PETL, ADVIERTE PRESIDENTA MUNICIPAL.*<\/p>\n\n\n\n<p>Luego de la intensa actividad del volc\u00e1n Popocat\u00e9petl en los \u00faltimos d\u00edas, la presidenta municipal de Amecameca, Ivette Topete Garc\u00eda, urgi\u00f3 a las autoridades federales a darle mantenimiento a la Ruta principal de Evacuaci\u00f3n, como lo es, la carretera federal 115.<\/p>\n\n\n\n<p>Pr\u00e1cticamente toda esta semana el volc\u00e1n Popocat\u00e9petl ha mantenido una constante actividad, arrojando material incandescente y exhalando enormes fumarolas, con la consecuente ca\u00edda de ceniza en las zonas aleda\u00f1as.<\/p>\n\n\n\n<p>Este s\u00e1bado autos, toldos, techos, as\u00ed como calles y cualquier tipo de superficie, se vieron cubiertos de ceniza volc\u00e1nica.<\/p>\n\n\n\n<p>Adem\u00e1s del urgente mantenimiento a las Rutas de Evacuaci\u00f3n y Acceso al Volc\u00e1n Popocat\u00e9petl, tambi\u00e9n es necesaria mayor informaci\u00f3n para los pobladores y la colocaci\u00f3n de la se\u00f1al\u00e9tica correspondiente pues muchos letreros han sido retirados, robados o destruidos, los cuales son indispensables en caso de presentarse una contingencia y posible evacuaci\u00f3n de pobladores.<\/p>\n\n\n\n<p>Por el momento y seg\u00fan el \u00faltimo reporte de la Comisi\u00f3n Nacional de Protecci\u00f3n Civil, el sem\u00e1foro de alertamiento volc\u00e1nico, se mantiene en Amarillo Fase 2.<\/p>\n","protected":false},"excerpt":{"rendered":"<p>Domingo 21 de mayo 2023 *URGE MANTENIMIENTO A PRINCIPAL RUTA DE EVACUACI\u00d3N EN ZONA ALEDA\u00d1A&#8230;<\/p>\n","protected":false},"author":3,"featured_media":59876,"comment_status":"closed","ping_status":"closed","sticky":false,"template":"","format":"standard","meta":{"footnotes":""},"categories":[4],"tags":[],"class_list":["post-59874","post","type-post","status-publish","format-standard","has-post-thumbnail","hentry","category-noticias-del-dia"],"_links":{"self":[{"href":"https:\/\/bambapolitica.com.mx\/index.php\/wp-json\/wp\/v2\/posts\/59874","targetHints":{"allow":["GET"]}}],"collection":[{"href":"https:\/\/bambapolitica.com.mx\/index.php\/wp-json\/wp\/v2\/posts"}],"about":[{"href":"https:\/\/bambapolitica.com.mx\/index.php\/wp-json\/wp\/v2\/types\/post"}],"author":[{"embeddable":true,"href":"https:\/\/bambapolitica.com.mx\/index.php\/wp-json\/wp\/v2\/users\/3"}],"replies":[{"embeddable":true,"href":"https:\/\/bambapolitica.com.mx\/index.php\/wp-json\/wp\/v2\/comments?post=59874"}],"version-history":[{"count":1,"href":"https:\/\/bambapolitica.com.mx\/index.php\/wp-json\/wp\/v2\/posts\/59874\/revisions"}],"predecessor-version":[{"id":59877,"href":"https:\/\/bambapolitica.com.mx\/index.php\/wp-json\/wp\/v2\/posts\/59874\/revisions\/59877"}],"wp:featuredmedia":[{"embeddable":true,"href":"https:\/\/bambapolitica.com.mx\/index.php\/wp-json\/wp\/v2\/media\/59876"}],"wp:attachment":[{"href":"https:\/\/bambapolitica.com.mx\/index.php\/wp-json\/wp\/v2\/media?parent=59874"}],"wp:term":[{"taxonomy":"category","embeddable":true,"href":"https:\/\/bambapolitica.com.mx\/index.php\/wp-json\/wp\/v2\/categories?post=59874"},{"taxonomy":"post_tag","embeddable":true,"href":"https:\/\/bambapolitica.com.mx\/index.php\/wp-json\/wp\/v2\/tags?post=59874"}],"curies":[{"name":"wp","href":"https:\/\/api.w.org\/{rel}","templated":true}]}}