{"id":59886,"date":"2023-05-22T09:44:58","date_gmt":"2023-05-22T15:44:58","guid":{"rendered":"http:\/\/bambapolitica.com.mx\/?p=59886"},"modified":"2023-05-22T09:45:06","modified_gmt":"2023-05-22T15:45:06","slug":"mas-de-100-mil-morenistas-se-suman-a-la-campana-de-alejandra-del-moral","status":"publish","type":"post","link":"https:\/\/bambapolitica.com.mx\/index.php\/2023\/05\/22\/mas-de-100-mil-morenistas-se-suman-a-la-campana-de-alejandra-del-moral\/","title":{"rendered":"M\u00e1s de 100 mil morenistas se suman a la campa\u00f1a de Alejandra del Moral"},"content":{"rendered":"\n<p>Lunes 22 de Mayo 2023<\/p>\n\n\n\n<h4 class=\"wp-block-heading\">La candidata del PRI, PAN, PRD y Nueva Alianza agradeci\u00f3 el apoyo de los militantes de Morena, que abandonaron el partido guinda porque no cumple sus promesas de campa\u00f1a.<\/h4>\n\n\n\n<p>El diputado federal de Morena, Vicente Onofre, levanta la mano a Alejandra Del Moral.<\/p>\n\n\n\n<p>En la recta final de la campa\u00f1a electoral por la gubernatura del Estado de M\u00e9xico, m\u00e1s de 100 mil morenistas agrupados en la organizaci\u00f3n Nuevo Espacio, con fuerte presencia en la zona oriente de la entidad, se sumaron a las filas de la abanderada de la coalici\u00f3n Va por el Estado de M\u00e9xico, Alejandra Del Moral.<\/p>\n\n\n\n<p>&#8220;Hoy estoy segura que con su participaci\u00f3n, su fuerza y valent\u00eda, su organizaci\u00f3n, pero principalmente sus bases, a todos los simpatizantes de esta agrupaci\u00f3n pol\u00edtica, vamos a ganar en el Estado de M\u00e9xico y evidentemente aqu\u00ed en Chalco les vamos a demostrar de qu\u00e9 cuero salen m\u00e1s correas el pr\u00f3ximo 4 de junio&#8221;, expres\u00f3.<\/p>\n\n\n\n<p>A los nuevos integrantes del Ej\u00e9rcito Valiente, encabezados por el diputado federal de Morena, Vicente Onofre, presidente de Nuevo Espacio, -organizaci\u00f3n con m\u00e1s de cien mil afiliados en el Estado de M\u00e9xico- Del Moral Vela agradeci\u00f3 su entrega y apoyo para salir a convencer a m\u00e1s mexiquenses y lograr la victoria en los comicios del 4 de junio.<\/p>\n\n\n\n<p>&#8220;Este proyecto tiene una meta y todos los que estamos aqu\u00ed ya tomaron una decisi\u00f3n, tomaron la decisi\u00f3n de estar del lado correcto de la historia, no del lado de las mentiras, no del lado de la demagogia&#8221;, extern\u00f3 la aliancista en el acto celebrado en Chalco.<\/p>\n\n\n\n<p>Por amor al estado de M\u00e9xico, dijo, &#8220;hoy les aseguro que Alejandra Del Moral no sabe fallar, no s\u00e9 fallar, s\u00e9 trabajar y estoy convencida que de la mano de ustedes Nuevo Espacio vamos a ganar la gubernatura del Estado de M\u00e9xico&#8221;.<\/p>\n\n\n\n<p>En el evento, que cont\u00f3 con la presencia de El\u00edas Rescala, presidente de la Junta de Coordinaci\u00f3n Pol\u00edtica del Congreso mexiquense, los militantes de Morena expresaron su desilusi\u00f3n, ya que este partido no cumpli\u00f3 ninguna de sus promesas tras ganar el municipio de Chalco.<\/p>\n\n\n\n<p><a href=\"https:\/\/tabloiderevista.com\/mas-de-100-morenistas-se-suman-a-la-campana-de-alejandra-del-moral-e3TY2e3Dg5NA.html\">https:\/\/tabloiderevista.com\/mas-de-100-morenistas-se-suman-a-la-campana-de-alejandra-del-moral-e3TY2e3Dg5NA.html<\/a><\/p>\n","protected":false},"excerpt":{"rendered":"<p>Lunes 22 de Mayo 2023 La candidata del PRI, PAN, PRD y Nueva Alianza agradeci\u00f3&#8230;<\/p>\n","protected":false},"author":3,"featured_media":59887,"comment_status":"closed","ping_status":"closed","sticky":false,"template":"","format":"standard","meta":{"footnotes":""},"categories":[4],"tags":[],"class_list":["post-59886","post","type-post","status-publish","format-standard","has-post-thumbnail","hentry","category-noticias-del-dia"],"_links":{"self":[{"href":"https:\/\/bambapolitica.com.mx\/index.php\/wp-json\/wp\/v2\/posts\/59886","targetHints":{"allow":["GET"]}}],"collection":[{"href":"https:\/\/bambapolitica.com.mx\/index.php\/wp-json\/wp\/v2\/posts"}],"about":[{"href":"https:\/\/bambapolitica.com.mx\/index.php\/wp-json\/wp\/v2\/types\/post"}],"author":[{"embeddable":true,"href":"https:\/\/bambapolitica.com.mx\/index.php\/wp-json\/wp\/v2\/users\/3"}],"replies":[{"embeddable":true,"href":"https:\/\/bambapolitica.com.mx\/index.php\/wp-json\/wp\/v2\/comments?post=59886"}],"version-history":[{"count":1,"href":"https:\/\/bambapolitica.com.mx\/index.php\/wp-json\/wp\/v2\/posts\/59886\/revisions"}],"predecessor-version":[{"id":59888,"href":"https:\/\/bambapolitica.com.mx\/index.php\/wp-json\/wp\/v2\/posts\/59886\/revisions\/59888"}],"wp:featuredmedia":[{"embeddable":true,"href":"https:\/\/bambapolitica.com.mx\/index.php\/wp-json\/wp\/v2\/media\/59887"}],"wp:attachment":[{"href":"https:\/\/bambapolitica.com.mx\/index.php\/wp-json\/wp\/v2\/media?parent=59886"}],"wp:term":[{"taxonomy":"category","embeddable":true,"href":"https:\/\/bambapolitica.com.mx\/index.php\/wp-json\/wp\/v2\/categories?post=59886"},{"taxonomy":"post_tag","embeddable":true,"href":"https:\/\/bambapolitica.com.mx\/index.php\/wp-json\/wp\/v2\/tags?post=59886"}],"curies":[{"name":"wp","href":"https:\/\/api.w.org\/{rel}","templated":true}]}}