{"id":59889,"date":"2023-05-22T11:51:45","date_gmt":"2023-05-22T17:51:45","guid":{"rendered":"http:\/\/bambapolitica.com.mx\/?p=59889"},"modified":"2023-05-22T11:51:51","modified_gmt":"2023-05-22T17:51:51","slug":"ebrard-asistira-a-encuentro-en-florida-para-defender-a-migrantes-ante-leyes-de-eu","status":"publish","type":"post","link":"https:\/\/bambapolitica.com.mx\/index.php\/2023\/05\/22\/ebrard-asistira-a-encuentro-en-florida-para-defender-a-migrantes-ante-leyes-de-eu\/","title":{"rendered":"Ebrard asistir\u00e1 a encuentro en Florida para defender a migrantes ante leyes de EU"},"content":{"rendered":"\n<p>Lunes 22 de mayo 2023<\/p>\n\n\n\n<h3 class=\"wp-block-heading\">En la reuni\u00f3n se prev\u00e9 que asistan dirigentes de diversas agrupaciones de migrantes de Estados Unidos<\/h3>\n\n\n\n<p>El&nbsp;<strong>canciller Marcelo Ebrard&nbsp;<\/strong>anunci\u00f3 un&nbsp;<strong>pr\u00f3ximo encuentro<\/strong>&nbsp;entre dirigentes comunitarios y autoridades<strong>&nbsp;en Miami&nbsp;<\/strong>para&nbsp;<strong>dise\u00f1ar una estrategia de acci\u00f3n frente a iniciativas y leyes anti-inmigrantes&nbsp;<\/strong>y racistas en Estados Unidos.<\/p>\n\n\n\n<p>En un comunicado, el titular de la<strong>\u00a0Secretar\u00eda de Relaciones Exteriores (SRE),<\/strong>\u00a0que se reuni\u00f3 la tarde del domingo con mil 200 trabajadores agr\u00edcolas<strong>\u00a0en Wimauma, Florida,\u00a0<\/strong>inform\u00f3 que la reuni\u00f3n<strong>\u00a0se realizar\u00e1 el pr\u00f3ximo 30 de junio.<\/strong><\/p>\n\n\n\n<p>El primer objetivo, dijo el canciller, e<strong>s determinar la participaci\u00f3n y orientaci\u00f3n del Gobierno mexicano<\/strong>\u00a0<em>\u201cen c\u00f3mo defender a nuestras hermanas y hermanos en toda la Uni\u00f3n Americana, sobre todo en Florida, porque en Florida va a entrar en vigor una ley claramente contraria a nuestra comunidad y que puede dar lugar a muchos abusos&#8221;.<\/em><\/p>\n\n\n\n<p>Adelant\u00f3 que&nbsp;<strong>en la reuni\u00f3n se prev\u00e9 que asistan dirigentes de diversas agrupaciones de migrantes de Estados Unidos&nbsp;<\/strong>y servir\u00e1 para evaluar y determinar los pr\u00f3ximos pasos a seguir del Plan de Acci\u00f3n para las Comunidades Mexicanas Residentes en el Exterior.<\/p>\n\n\n\n<p>Durante la reuni\u00f3n que mantuvo Ebrard con trabajadores en Miami<strong>, el canciller prometi\u00f3 mayores oportunidades de movilidad laboral&nbsp;<\/strong>y reiter\u00f3 la&nbsp;<strong>defensa de los trabajadores migrantes mexicanos de leyes y pol\u00edticas racistas.<\/strong><\/p>\n\n\n\n<p>Ebrard destac\u00f3 el trabajo y la contribuci\u00f3n de trabajadores migrantes a las sociedades de Estados Unidos y M\u00e9xico.<\/p>\n\n\n\n<p>Estas declaraciones se dan apenas unos d\u00edas despu\u00e9s de que E<strong>stados Unidos dej\u00f3 de aplicar el T\u00edtulo 42, q<\/strong>ue permit\u00eda expulsar de inmediato a migrantes indocumentados con&nbsp;<strong>el pretexto del Covid-19.<\/strong><\/p>\n\n\n\n<p>Pero<strong>&nbsp;instaur\u00f3 otras restricciones a las solicitudes de asilo en la frontera&nbsp;<\/strong>y&nbsp;<strong>comenz\u00f3 a deportar<\/strong>&nbsp;mediante otra normativa conocida como&nbsp;<strong>T\u00edtulo 8<\/strong>&nbsp;que s\u00ed permite a los migrantes pedir asilo al llegar a la frontera, pero tienen que cumplir varios requisitos, entre ellos haberlo solicitado en los pa\u00edses por donde han pasado o de lo contrario pueden ser deportados r\u00e1pidamente.<\/p>\n\n\n\n<p>La regi\u00f3n afronta un in\u00e9dito flujo migratorio en la regi\u00f3n con m\u00e1s de<strong>\u00a02.76 millones de indocumentados interceptados por Estados Unidos\u00a0<\/strong>en la frontera con M\u00e9xico en el a\u00f1o fiscal 2022.<\/p>\n\n\n\n<p><strong>M\u00e9xico ha registrado tambi\u00e9n un incremento anual de m\u00e1s del 43 %\u00a0<\/strong>en el n\u00famero de &#8220;personas en situaci\u00f3n irregular en M\u00e9xico&#8221; en 2022, cuando detect\u00f3 444 mil 439.<\/p>\n\n\n\n<p><a href=\"https:\/\/www.elsoldemexico.com.mx\/mexico\/politica\/marcelo-ebrard-asistira-a-encuentro-en-florida-para-defender-a-migrantes-ante-leyes-de-eu-10101665.html\">https:\/\/www.elsoldemexico.com.mx\/mexico\/politica\/marcelo-ebrard-asistira-a-encuentro-en-florida-para-defender-a-migrantes-ante-leyes-de-eu-10101665.html<\/a><\/p>\n","protected":false},"excerpt":{"rendered":"<p>Lunes 22 de mayo 2023 En la reuni\u00f3n se prev\u00e9 que asistan dirigentes de diversas&#8230;<\/p>\n","protected":false},"author":3,"featured_media":59890,"comment_status":"closed","ping_status":"closed","sticky":false,"template":"","format":"standard","meta":{"footnotes":""},"categories":[4],"tags":[],"class_list":["post-59889","post","type-post","status-publish","format-standard","has-post-thumbnail","hentry","category-noticias-del-dia"],"_links":{"self":[{"href":"https:\/\/bambapolitica.com.mx\/index.php\/wp-json\/wp\/v2\/posts\/59889","targetHints":{"allow":["GET"]}}],"collection":[{"href":"https:\/\/bambapolitica.com.mx\/index.php\/wp-json\/wp\/v2\/posts"}],"about":[{"href":"https:\/\/bambapolitica.com.mx\/index.php\/wp-json\/wp\/v2\/types\/post"}],"author":[{"embeddable":true,"href":"https:\/\/bambapolitica.com.mx\/index.php\/wp-json\/wp\/v2\/users\/3"}],"replies":[{"embeddable":true,"href":"https:\/\/bambapolitica.com.mx\/index.php\/wp-json\/wp\/v2\/comments?post=59889"}],"version-history":[{"count":1,"href":"https:\/\/bambapolitica.com.mx\/index.php\/wp-json\/wp\/v2\/posts\/59889\/revisions"}],"predecessor-version":[{"id":59891,"href":"https:\/\/bambapolitica.com.mx\/index.php\/wp-json\/wp\/v2\/posts\/59889\/revisions\/59891"}],"wp:featuredmedia":[{"embeddable":true,"href":"https:\/\/bambapolitica.com.mx\/index.php\/wp-json\/wp\/v2\/media\/59890"}],"wp:attachment":[{"href":"https:\/\/bambapolitica.com.mx\/index.php\/wp-json\/wp\/v2\/media?parent=59889"}],"wp:term":[{"taxonomy":"category","embeddable":true,"href":"https:\/\/bambapolitica.com.mx\/index.php\/wp-json\/wp\/v2\/categories?post=59889"},{"taxonomy":"post_tag","embeddable":true,"href":"https:\/\/bambapolitica.com.mx\/index.php\/wp-json\/wp\/v2\/tags?post=59889"}],"curies":[{"name":"wp","href":"https:\/\/api.w.org\/{rel}","templated":true}]}}