{"id":59892,"date":"2023-05-22T11:54:10","date_gmt":"2023-05-22T17:54:10","guid":{"rendered":"http:\/\/bambapolitica.com.mx\/?p=59892"},"modified":"2023-05-22T11:54:12","modified_gmt":"2023-05-22T17:54:12","slug":"ocupacion-de-instalaciones-de-ferrosur-es-legal-no-es-pleito-personal-con-german-larrea-amlo","status":"publish","type":"post","link":"https:\/\/bambapolitica.com.mx\/index.php\/2023\/05\/22\/ocupacion-de-instalaciones-de-ferrosur-es-legal-no-es-pleito-personal-con-german-larrea-amlo\/","title":{"rendered":"Ocupaci\u00f3n de instalaciones de Ferrosur es legal; no es pleito personal con Germ\u00e1n Larrea: AMLO"},"content":{"rendered":"\n<p>Lunes 22 de mayo 2023<\/p>\n\n\n\n<p>El presidente Andr\u00e9s Manuel L\u00f3pez Obrador asegur\u00f3 que la ocupaci\u00f3n temporal de un tramo de la v\u00eda de Ferrosur, propiedad de Grupo M\u00e9xico, es legal y constitucional; adem\u00e1s, descart\u00f3 que se trate de una afrenta contra Germ\u00e1n Larrea, due\u00f1o del conglomerado, por lo que podr\u00eda alcanzarse un acuerdo.<\/p>\n\n\n\n<p>&#8220;Porque dicen: se expropi\u00f3, \u00bfqu\u00e9 se expropia? lo que es propiedad privada, es muy distinto a recuperar una concesi\u00f3n que es de la naci\u00f3n. (\u2026)\u00a0Esta concesi\u00f3n o este tramo de concesi\u00f3n tiene que restituirse, es lo \u00fanico, y nosotros, buscando un acuerdo, les damos el derecho de paso. Pero la v\u00eda, que es de la naci\u00f3n, va a regresar al dominio de la naci\u00f3n por seguridad nacional y por inter\u00e9s p\u00fablico y es completamente constitucional y legal&#8221;, destac\u00f3.<\/p>\n\n\n\n<p>En La Ma\u00f1anera desde Palacio Nacional, el Presidente&nbsp;asegur\u00f3 que ya estaban avanzadas las negociaciones con Grupo M\u00e9xico para que la Secretar\u00eda de Marina tomara el control de la v\u00eda y al mismo tiempo se les permitiera el uso a los trenes de Ferrosur, sin embargo, se interrumpieron las pl\u00e1ticas porque empezaron exigir una indemnizaci\u00f3n por 9 mil 500 millones de pesos.<\/p>\n\n\n\n<p>El mandatario, adem\u00e1s, destac\u00f3 que si la ocupaci\u00f3n se vuelve permanente depender\u00e1 de la actitud de la empresa.<\/p>\n\n\n\n<p>De acuerdo al Presidente, se empez\u00f3 a negociar con Grupo M\u00e9xico la recuperaci\u00f3n del tramo Coatzacoalcos-Medias Aguas y ya se hab\u00eda logrado avanzar en un acuerdo, sin embargo, consider\u00f3 que los abogados mal aconsejaron a Germ\u00e1n Larrea.<\/p>\n\n\n\n<p>Esto provoc\u00f3 que se cortara la comunicaci\u00f3n entre Grupo M\u00e9xico y el secretario de Gobernaci\u00f3n, a quien la empresa ya ni siquiera le tomaba la llamada y por tanto se decidi\u00f3 publicar el decreto.<\/p>\n\n\n\n<p>Ante esto, el Presidente destac\u00f3 que siguen pasando los trenes de Grupo M\u00e9xico, &#8220;eso tambi\u00e9n hay que informarlo, siguen entrando, sin problema&#8221;.<\/p>\n\n\n\n<p>&#8220;No es un asunto personal, no es un pleito con Germ\u00e1n Larrea, ojal\u00e1 y comprendan no solo los de esta empresa sino otros empresarios y quienes no est\u00e1n de acuerdo con nosotros, ojal\u00e1 y en un momento de sensatez piensen que un gobernante tiene que representar a todos y que tiene que cuidar el inter\u00e9s p\u00fablico, es un servidor p\u00fablico, no es un empleado, un gerente, un gobernante representa a todos y se tiene que procurar que haya justicia y qu\u00e9 es la justicia, pues darle m\u00e1s al que tiene menos, porque no puede haber trato igual entre desiguales. Y qu\u00e9 se tiene que buscar, la felicidad del pueblo&#8221;, agreg\u00f3.<\/p>\n\n\n\n<p>Grupo M\u00e9xico le acepta el di\u00e1logo al gobierno<br>Indemnizaci\u00f3n a Grupo M\u00e9xico<br>L\u00f3pez Obrador abri\u00f3 la posibilidad de pagar, si fuera el caso, una especie de indemnizaci\u00f3n a Grupo M\u00e9xico por restituir el tramo ferroviario a la naci\u00f3n.<\/p>\n\n\n\n<p>Sin embargo, dej\u00f3 en claro que primer tendr\u00eda que hacerse un aval\u00fao.<\/p>\n\n\n\n<p>\u201cYo no s\u00e9, bueno, los abogados, asesores, expertos, mal aconsejan y vienen con una propuesta de que quer\u00edan que les pag\u00e1ramos 9 mil 500 millones de pesos, pues as\u00ed ya no se puede. S\u00ed , pero ni siquiera a un precio justo, un abuso\u201d.<br>\u201cQue se haga despu\u00e9s del procedimiento que la autoridad haga un aval\u00fao y se haga una indemnizaci\u00f3n, es que les corresponde, pero imag\u00ednense pagar 9 mil 500 millones, eso es todo\u201d, agreg\u00f3.<br>En tanto, dijo que no tiene en puerta una pr\u00f3xima reuni\u00f3n con Larrea porque se va a esperar a que se llegue a un acuerdo en buenos t\u00e9rminos. Y aclar\u00f3 que si la Secretar\u00eda de Marina ingres\u00f3 a la zona es para que no haya un sabotaje y luego culpen al gobierno.<\/p>\n\n\n\n<p>\u201cEs para cuidar que no haya un sabotaje y que nos culpen, pero no es para que se detengan las operaciones, est\u00e1n operando, eso tambi\u00e9n informarlo. Tambi\u00e9n aclarar todo, esto no tiene que ver con la operaci\u00f3n que est\u00e1n haciendo para comprar Banamex\u201d, puntualiz\u00f3.<\/p>\n\n\n\n<p>Toma de instalaciones de Ferrosur<br>El viernes pasado, la Secretar\u00eda de Marina (Semar) emiti\u00f3 un decreto para la ocupaci\u00f3n temporal de diversos tramos&nbsp;del ferrocarril en el Istmo de Tehuantepec, en Veracruz, los cuales eran posesi\u00f3n de Ferrosur, propiedad de Grupo M\u00e9xico.<\/p>\n\n\n\n<p>La Semar explic\u00f3 que una de las razones para realizar esta ocupaci\u00f3n se debe a que es imperativo tener el control y administraci\u00f3n de todas las l\u00edneas ferroviarias que comprenden el Corredor Interoce\u00e1nico del Istmo de Tehuantepec, para el funcionamiento eficaz de la plataforma log\u00edstica.<br>https:\/\/www.milenio.com\/politica\/amlo-dice-que-ocupacion-de-instalaciones-de-ferrosur-es-legal<\/p>\n","protected":false},"excerpt":{"rendered":"<p>Lunes 22 de mayo 2023 El presidente Andr\u00e9s Manuel L\u00f3pez Obrador asegur\u00f3 que la ocupaci\u00f3n&#8230;<\/p>\n","protected":false},"author":3,"featured_media":59893,"comment_status":"closed","ping_status":"closed","sticky":false,"template":"","format":"standard","meta":{"footnotes":""},"categories":[4],"tags":[],"class_list":["post-59892","post","type-post","status-publish","format-standard","has-post-thumbnail","hentry","category-noticias-del-dia"],"_links":{"self":[{"href":"https:\/\/bambapolitica.com.mx\/index.php\/wp-json\/wp\/v2\/posts\/59892","targetHints":{"allow":["GET"]}}],"collection":[{"href":"https:\/\/bambapolitica.com.mx\/index.php\/wp-json\/wp\/v2\/posts"}],"about":[{"href":"https:\/\/bambapolitica.com.mx\/index.php\/wp-json\/wp\/v2\/types\/post"}],"author":[{"embeddable":true,"href":"https:\/\/bambapolitica.com.mx\/index.php\/wp-json\/wp\/v2\/users\/3"}],"replies":[{"embeddable":true,"href":"https:\/\/bambapolitica.com.mx\/index.php\/wp-json\/wp\/v2\/comments?post=59892"}],"version-history":[{"count":1,"href":"https:\/\/bambapolitica.com.mx\/index.php\/wp-json\/wp\/v2\/posts\/59892\/revisions"}],"predecessor-version":[{"id":59894,"href":"https:\/\/bambapolitica.com.mx\/index.php\/wp-json\/wp\/v2\/posts\/59892\/revisions\/59894"}],"wp:featuredmedia":[{"embeddable":true,"href":"https:\/\/bambapolitica.com.mx\/index.php\/wp-json\/wp\/v2\/media\/59893"}],"wp:attachment":[{"href":"https:\/\/bambapolitica.com.mx\/index.php\/wp-json\/wp\/v2\/media?parent=59892"}],"wp:term":[{"taxonomy":"category","embeddable":true,"href":"https:\/\/bambapolitica.com.mx\/index.php\/wp-json\/wp\/v2\/categories?post=59892"},{"taxonomy":"post_tag","embeddable":true,"href":"https:\/\/bambapolitica.com.mx\/index.php\/wp-json\/wp\/v2\/tags?post=59892"}],"curies":[{"name":"wp","href":"https:\/\/api.w.org\/{rel}","templated":true}]}}