{"id":59895,"date":"2023-05-22T12:08:07","date_gmt":"2023-05-22T18:08:07","guid":{"rendered":"http:\/\/bambapolitica.com.mx\/?p=59895"},"modified":"2023-05-22T12:08:21","modified_gmt":"2023-05-22T18:08:21","slug":"volcan-popocatepetl-sedena-despliega-mas-de-7-mil-elementos-en-puebla-por-alerta-volcanica","status":"publish","type":"post","link":"https:\/\/bambapolitica.com.mx\/index.php\/2023\/05\/22\/volcan-popocatepetl-sedena-despliega-mas-de-7-mil-elementos-en-puebla-por-alerta-volcanica\/","title":{"rendered":"Volc\u00e1n Popocat\u00e9petl: Sedena despliega m\u00e1s de 7 mil elementos en Puebla por alerta volc\u00e1nica"},"content":{"rendered":"\n<p>Lunes 22 de mayo 2023<\/p>\n\n\n\n<h2 class=\"wp-block-heading\">El general Luis Cresencio Sandoval realizar\u00e1 un recorrido por Puebla para implementar acciones preventivas<\/h2>\n\n\n\n<p>El titular de la Secretar\u00eda de la Defensa Nacional (Sedena),&nbsp;<strong>Luis Cresencio Sandoval<\/strong>, realizar\u00e1 este lunes 22 de mayo un recorrido por&nbsp;<a href=\"https:\/\/www.eluniversal.com.mx\/nacion\/\" target=\"_blank\" rel=\"noreferrer noopener\"><strong>Puebla<\/strong><\/a>, para implementar&nbsp;<strong>acciones preventivas<\/strong>&nbsp;por la actividad del&nbsp;<a href=\"https:\/\/www.eluniversal.com.mx\/tag\/popocatepetl\/\" target=\"_blank\" rel=\"noreferrer noopener\"><strong>volc\u00e1n Popocat\u00e9petl<\/strong><\/a>, inform\u00f3 el presidente&nbsp;<strong>Andr\u00e9s Manuel L\u00f3pez Obrador<\/strong>.<\/p>\n\n\n\n<p>En su conferencia ma\u00f1anera de este lunes en Palacio Nacional, L\u00f3pez Obrador detall\u00f3 que en la regi\u00f3n se han desplegado&nbsp;<strong>siete mil 275 elementos<\/strong>&nbsp;de la&nbsp;<a href=\"https:\/\/www.eluniversal.com.mx\/tag\/sedena\/\" target=\"_blank\" rel=\"noreferrer noopener\"><strong>Sedena<\/strong><\/a>y se han trazado nueve rutas de evacuaci\u00f3n ante una eventual evacuaci\u00f3n, si fuera necesaria.<\/p>\n\n\n\n<p>\u201cHoy en la ma\u00f1ana se nos present\u00f3 un plan\u201d, dijo.<\/p>\n\n\n\n<p>L\u00f3pez Obrador precis\u00f3 que el sem\u00e1foro de\u00a0<strong>alerta volc\u00e1nica<\/strong>\u00a0se encuentra en\u00a0<strong>amarillo fase 3<\/strong>, adem\u00e1s que se mantiene en vigilancia la actividad del Popocat\u00e9petl, las 24 horas del d\u00eda.<\/p>\n\n\n\n<p>\u201cDe acuerdo con los expertos, todav\u00eda es sem\u00e1foro amarillo fase 3, ellos saben bien porque ah\u00ed nacieron, ya saben el comportamiento del volc\u00e1n. Hay quienes sostienen que cuando hay erupciones, es m\u00e1s tranquilizante, que cuando est\u00e1 en silencio\u201d, coment\u00f3.<\/p>\n\n\n\n<p>Abund\u00f3 en que la coordinadora nacional de Protecci\u00f3n Civil,&nbsp;<strong>Laura Vel\u00e1zquez<\/strong>, est\u00e1 en coordinaci\u00f3n con las&nbsp;<a href=\"https:\/\/www.eluniversal.com.mx\/tag\/fuerzas-armadas\/\" target=\"_blank\" rel=\"noreferrer noopener\"><strong>Fuerzas Armadas<\/strong><\/a>&nbsp;y los gobernadores de tres estados para implementar un&nbsp;<strong>plan preventivo<\/strong>.<\/p>\n\n\n\n<p>\u201cLas labores preventivas, ha estado en comunicaci\u00f3n la directora de Protecci\u00f3n Civil, con los gobernadores de Puebla, Morelos y el Estado de M\u00e9xico\u201d, mencion\u00f3 el Presidente.<\/p>\n\n\n\n<p><em>Con informaci\u00f3n de Alberto Morales<\/em><\/p>\n\n\n\n<p><a href=\"https:\/\/www.eluniversal.com.mx\/nacion\/volcan-popocatepetl-sedena-despliega-mas-de-7-mil-elementos-en-puebla-por-alerta-volcanica\/\">https:\/\/www.eluniversal.com.mx\/nacion\/volcan-popocatepetl-sedena-despliega-mas-de-7-mil-elementos-en-puebla-por-alerta-volcanica\/<\/a><\/p>\n","protected":false},"excerpt":{"rendered":"<p>Lunes 22 de mayo 2023 El general Luis Cresencio Sandoval realizar\u00e1 un recorrido por Puebla&#8230;<\/p>\n","protected":false},"author":3,"featured_media":59896,"comment_status":"closed","ping_status":"closed","sticky":false,"template":"","format":"standard","meta":{"footnotes":""},"categories":[4],"tags":[],"class_list":["post-59895","post","type-post","status-publish","format-standard","has-post-thumbnail","hentry","category-noticias-del-dia"],"_links":{"self":[{"href":"https:\/\/bambapolitica.com.mx\/index.php\/wp-json\/wp\/v2\/posts\/59895","targetHints":{"allow":["GET"]}}],"collection":[{"href":"https:\/\/bambapolitica.com.mx\/index.php\/wp-json\/wp\/v2\/posts"}],"about":[{"href":"https:\/\/bambapolitica.com.mx\/index.php\/wp-json\/wp\/v2\/types\/post"}],"author":[{"embeddable":true,"href":"https:\/\/bambapolitica.com.mx\/index.php\/wp-json\/wp\/v2\/users\/3"}],"replies":[{"embeddable":true,"href":"https:\/\/bambapolitica.com.mx\/index.php\/wp-json\/wp\/v2\/comments?post=59895"}],"version-history":[{"count":1,"href":"https:\/\/bambapolitica.com.mx\/index.php\/wp-json\/wp\/v2\/posts\/59895\/revisions"}],"predecessor-version":[{"id":59897,"href":"https:\/\/bambapolitica.com.mx\/index.php\/wp-json\/wp\/v2\/posts\/59895\/revisions\/59897"}],"wp:featuredmedia":[{"embeddable":true,"href":"https:\/\/bambapolitica.com.mx\/index.php\/wp-json\/wp\/v2\/media\/59896"}],"wp:attachment":[{"href":"https:\/\/bambapolitica.com.mx\/index.php\/wp-json\/wp\/v2\/media?parent=59895"}],"wp:term":[{"taxonomy":"category","embeddable":true,"href":"https:\/\/bambapolitica.com.mx\/index.php\/wp-json\/wp\/v2\/categories?post=59895"},{"taxonomy":"post_tag","embeddable":true,"href":"https:\/\/bambapolitica.com.mx\/index.php\/wp-json\/wp\/v2\/tags?post=59895"}],"curies":[{"name":"wp","href":"https:\/\/api.w.org\/{rel}","templated":true}]}}