{"id":59901,"date":"2023-05-22T12:12:53","date_gmt":"2023-05-22T18:12:53","guid":{"rendered":"http:\/\/bambapolitica.com.mx\/?p=59901"},"modified":"2023-05-22T12:13:00","modified_gmt":"2023-05-22T18:13:00","slug":"trailer-se-llevo-de-corbata-un-automovil-en-valle-de-chalco-hay-lesionados","status":"publish","type":"post","link":"https:\/\/bambapolitica.com.mx\/index.php\/2023\/05\/22\/trailer-se-llevo-de-corbata-un-automovil-en-valle-de-chalco-hay-lesionados\/","title":{"rendered":"TR\u00c1ILER SE LLEV\u00d3 DE CORBATA UN AUTOM\u00d3VIL EN VALLE DE CHALCO: HAY LESIONADOS"},"content":{"rendered":"\n<p>Lunes 22 de mayo 2023<\/p>\n\n\n\n<p>#VALLE DE CHALCO, #EDOMEX, a 22 de mayo del 2023.- Una unidad de carga choc\u00f3 contra un veh\u00edculo particular en el Edomex, los tripulantes del autom\u00f3vil afectado resultaron con lesiones graves.<\/p>\n\n\n\n<p>La ma\u00f1ana de hoy un tr\u00e1iler circulaba por la carretera M\u00e9xico-Puebla, con direcci\u00f3n a la Ciudad de M\u00e9xico.<\/p>\n\n\n\n<p>A la altura de la virgen, en el municipio de Valle de Chalco, el conductor de la unidad de carga no se percat\u00f3 de un veh\u00edculo que pretend\u00eda arrebatarlo y lo choc\u00f3 de lado del conductor.<\/p>\n\n\n\n<figure class=\"wp-block-image\"><img decoding=\"async\" src=\"https:\/\/i0.wp.com\/reporterosenmovimiento.com\/wp-content\/uploads\/2023\/05\/img_0790.jpg?resize=640%2C485&amp;ssl=1\" alt=\"\" class=\"wp-image-466512\"\/><\/figure>\n\n\n\n<p>El accidente vial se report\u00f3 a los n\u00fameros de emergencia, arribaron polic\u00edas y param\u00e9dicos, los agentes aseguraron y cerraron el carril de alta, mientras que el equipo m\u00e9dico auxiliaron a los lesionados, quienes fueron traslados en ambulancias al hospital general.<\/p>\n\n\n\n<p>El operador del tr\u00e1iler fue puesto a disposici\u00f3n de las autoridades pertinentes, horas m\u00e1s tarde se retiraron ambas unidades y se liber\u00f3 por completo dicha carretera.<\/p>\n\n\n\n<figure class=\"wp-block-embed is-type-wp-embed is-provider-reporteros-en-movimiento wp-block-embed-reporteros-en-movimiento\"><div class=\"wp-block-embed__wrapper\">\n<blockquote class=\"wp-embedded-content\" data-secret=\"Bm6ZNBjmdy\"><a href=\"https:\/\/reporterosenmovimiento.com\/2023\/05\/22\/trailer-se-llevo-de-corbata-un-automovil-en-valle-de-chalco-hay-lesionados\/\">TR\u00c1ILER SE LLEV\u00d3 DE CORBATA UN AUTOM\u00d3VIL EN VALLE DE CHALCO: HAY LESIONADOS<\/a><\/blockquote><iframe loading=\"lazy\" class=\"wp-embedded-content\" sandbox=\"allow-scripts\" security=\"restricted\" style=\"position: absolute; visibility: hidden;\" title=\"\u00abTR\u00c1ILER SE LLEV\u00d3 DE CORBATA UN AUTOM\u00d3VIL EN VALLE DE CHALCO: HAY LESIONADOS\u00bb \u2014 Reporteros en Movimiento\" src=\"https:\/\/reporterosenmovimiento.com\/2023\/05\/22\/trailer-se-llevo-de-corbata-un-automovil-en-valle-de-chalco-hay-lesionados\/embed\/#?secret=k9ot9XXTbD#?secret=Bm6ZNBjmdy\" data-secret=\"Bm6ZNBjmdy\" width=\"600\" height=\"338\" frameborder=\"0\" marginwidth=\"0\" marginheight=\"0\" scrolling=\"no\"><\/iframe>\n<\/div><\/figure>\n","protected":false},"excerpt":{"rendered":"<p>Lunes 22 de mayo 2023 #VALLE DE CHALCO, #EDOMEX, a 22 de mayo del 2023.-&#8230;<\/p>\n","protected":false},"author":3,"featured_media":59902,"comment_status":"closed","ping_status":"closed","sticky":false,"template":"","format":"standard","meta":{"footnotes":""},"categories":[2],"tags":[],"class_list":["post-59901","post","type-post","status-publish","format-standard","has-post-thumbnail","hentry","category-policiaca"],"_links":{"self":[{"href":"https:\/\/bambapolitica.com.mx\/index.php\/wp-json\/wp\/v2\/posts\/59901","targetHints":{"allow":["GET"]}}],"collection":[{"href":"https:\/\/bambapolitica.com.mx\/index.php\/wp-json\/wp\/v2\/posts"}],"about":[{"href":"https:\/\/bambapolitica.com.mx\/index.php\/wp-json\/wp\/v2\/types\/post"}],"author":[{"embeddable":true,"href":"https:\/\/bambapolitica.com.mx\/index.php\/wp-json\/wp\/v2\/users\/3"}],"replies":[{"embeddable":true,"href":"https:\/\/bambapolitica.com.mx\/index.php\/wp-json\/wp\/v2\/comments?post=59901"}],"version-history":[{"count":1,"href":"https:\/\/bambapolitica.com.mx\/index.php\/wp-json\/wp\/v2\/posts\/59901\/revisions"}],"predecessor-version":[{"id":59903,"href":"https:\/\/bambapolitica.com.mx\/index.php\/wp-json\/wp\/v2\/posts\/59901\/revisions\/59903"}],"wp:featuredmedia":[{"embeddable":true,"href":"https:\/\/bambapolitica.com.mx\/index.php\/wp-json\/wp\/v2\/media\/59902"}],"wp:attachment":[{"href":"https:\/\/bambapolitica.com.mx\/index.php\/wp-json\/wp\/v2\/media?parent=59901"}],"wp:term":[{"taxonomy":"category","embeddable":true,"href":"https:\/\/bambapolitica.com.mx\/index.php\/wp-json\/wp\/v2\/categories?post=59901"},{"taxonomy":"post_tag","embeddable":true,"href":"https:\/\/bambapolitica.com.mx\/index.php\/wp-json\/wp\/v2\/tags?post=59901"}],"curies":[{"name":"wp","href":"https:\/\/api.w.org\/{rel}","templated":true}]}}