{"id":59912,"date":"2023-05-22T12:27:00","date_gmt":"2023-05-22T18:27:00","guid":{"rendered":"http:\/\/bambapolitica.com.mx\/?p=59912"},"modified":"2023-05-22T12:27:17","modified_gmt":"2023-05-22T18:27:17","slug":"taxistas-desquician-la-cdmx-con-marcha-contra-apps-de-transporte","status":"publish","type":"post","link":"https:\/\/bambapolitica.com.mx\/index.php\/2023\/05\/22\/taxistas-desquician-la-cdmx-con-marcha-contra-apps-de-transporte\/","title":{"rendered":"Taxistas desquician la CDMX con marcha contra apps de transporte"},"content":{"rendered":"\n<p>Lunes 22 de mayo 2023<\/p>\n\n\n\n<h2 class=\"wp-block-heading\">Los taxistas se reunieron en al menos 11 puntos de la CDMX para llegar al Z\u00f3calo, en donde est\u00e1 convocado un mitin<\/h2>\n\n\n\n<p>La<strong>&nbsp;Ciudad de M\u00e9xico<\/strong>&nbsp;(CDMX) vive una&nbsp;<strong>ma\u00f1ana ca\u00f3tica<\/strong>&nbsp;este lunes por las manifestaciones convocadas por los taxistas de la capital, pertenecientes al&nbsp;<strong>Movimiento Nacional Taxista<\/strong>, debido a la&nbsp;<strong>exigencia<\/strong>&nbsp;de mejores&nbsp;<strong>condiciones<\/strong>&nbsp;para&nbsp;<strong>operar<\/strong>&nbsp;en la capital del pa\u00eds y la&nbsp;<strong>regulaci\u00f3n de las aplicaciones de transporte de pasajeros.<\/strong><\/p>\n\n\n\n<p>Los conductores se han posado en 11 puntos de la CDMX desde temprana hora, pero una de las vialidades m\u00e1s afectadas es el\u00a0<strong>Circuito Interior<\/strong>, a la altura de Eje Central, donde interrumpieron el paso de los autom\u00f3viles para protestar, antes de dirigirse al Z\u00f3calo, en donde est\u00e1 convocado un\u00a0<strong>mitin<\/strong>\u00a0al mediod\u00eda.<\/p>\n\n\n\n<p>Otra de las zonas con mayor saturaci\u00f3n es Av. Ribera de\u00a0<strong>San Cosme,\u00a0<\/strong>en su cruce con Insurgentes, con una fila extensa de taxistas de la ciudad que se convocaron para reclamar, tambi\u00e9n, el<strong>\u00a0incremento a la tarifa del taxi de base y el taxi libre<\/strong>, en medio de los estragos por el alza constante de la\u00a0<strong>inflaci\u00f3n<\/strong>\u00a0a lo largo del \u00faltimo a\u00f1o.<\/p>\n\n\n\n<p>Entre las avenidas en las que se reunieron los choferes de taxi para reclamar al gobierno de la CDMX se encuentran:&nbsp;<strong>Viaducto hacia Isabel la Cat\u00f3lica, Metro Chabacano- Tlalpan, San Juan de Arag\u00f3n y Villa de Arag\u00f3n, La Raza, Bunquer y Fray Servando Teresa de Mier, Monumento a la Revoluci\u00f3n, Toreo y el Rosario, Ferrocarril de Cintura hasta Izazaga y Eje 3 Sur hasta Chabacano y Tlalpan.<\/strong><\/p>\n\n\n\n<p>Pese a la intenci\u00f3n de los taxistas para llegar al&nbsp;<strong>Z\u00f3calo<\/strong>&nbsp;capitalino, al posarse en las calles 5 de mayo, Venustiano Carranza e Isabel la Cat\u00f3lica, agentes de la&nbsp;<strong>Secretar\u00eda de Seguridad Ciudadana (SSC-CDMX)<\/strong>&nbsp;han desplegado un operativo para impedirles el paso a la Plaza de la Constituci\u00f3n.<\/p>\n\n\n\n<h3 class=\"wp-block-heading\">\u00bfQu\u00e9 piden los taxistas de la CDMX con las manifestaciones?<\/h3>\n\n\n\n<ul class=\"wp-block-list\">\n<li>Incremento a la tarifa de taxi de base y libre<\/li>\n\n\n\n<li>Regulaci\u00f3n de las apps de transporte en la CDMX<\/li>\n\n\n\n<li>Suspensi\u00f3n de operativos del Instituto de Verificaci\u00f3n Administrativa (INVEA).3<\/li>\n<\/ul>\n\n\n\n<p><a href=\"https:\/\/www.publimetro.com.mx\/noticias\/2023\/05\/22\/taxistas-se-manifiestan-contra-uber-y-didi-generan-caos-en-toda-la-cdmx\/\">https:\/\/www.publimetro.com.mx\/noticias\/2023\/05\/22\/taxistas-se-manifiestan-contra-uber-y-didi-generan-caos-en-toda-la-cdmx\/<\/a><\/p>\n","protected":false},"excerpt":{"rendered":"<p>Lunes 22 de mayo 2023 Los taxistas se reunieron en al menos 11 puntos de&#8230;<\/p>\n","protected":false},"author":3,"featured_media":59913,"comment_status":"closed","ping_status":"closed","sticky":false,"template":"","format":"standard","meta":{"footnotes":""},"categories":[4],"tags":[],"class_list":["post-59912","post","type-post","status-publish","format-standard","has-post-thumbnail","hentry","category-noticias-del-dia"],"_links":{"self":[{"href":"https:\/\/bambapolitica.com.mx\/index.php\/wp-json\/wp\/v2\/posts\/59912","targetHints":{"allow":["GET"]}}],"collection":[{"href":"https:\/\/bambapolitica.com.mx\/index.php\/wp-json\/wp\/v2\/posts"}],"about":[{"href":"https:\/\/bambapolitica.com.mx\/index.php\/wp-json\/wp\/v2\/types\/post"}],"author":[{"embeddable":true,"href":"https:\/\/bambapolitica.com.mx\/index.php\/wp-json\/wp\/v2\/users\/3"}],"replies":[{"embeddable":true,"href":"https:\/\/bambapolitica.com.mx\/index.php\/wp-json\/wp\/v2\/comments?post=59912"}],"version-history":[{"count":1,"href":"https:\/\/bambapolitica.com.mx\/index.php\/wp-json\/wp\/v2\/posts\/59912\/revisions"}],"predecessor-version":[{"id":59914,"href":"https:\/\/bambapolitica.com.mx\/index.php\/wp-json\/wp\/v2\/posts\/59912\/revisions\/59914"}],"wp:featuredmedia":[{"embeddable":true,"href":"https:\/\/bambapolitica.com.mx\/index.php\/wp-json\/wp\/v2\/media\/59913"}],"wp:attachment":[{"href":"https:\/\/bambapolitica.com.mx\/index.php\/wp-json\/wp\/v2\/media?parent=59912"}],"wp:term":[{"taxonomy":"category","embeddable":true,"href":"https:\/\/bambapolitica.com.mx\/index.php\/wp-json\/wp\/v2\/categories?post=59912"},{"taxonomy":"post_tag","embeddable":true,"href":"https:\/\/bambapolitica.com.mx\/index.php\/wp-json\/wp\/v2\/tags?post=59912"}],"curies":[{"name":"wp","href":"https:\/\/api.w.org\/{rel}","templated":true}]}}