{"id":60191,"date":"2023-06-01T12:01:13","date_gmt":"2023-06-01T18:01:13","guid":{"rendered":"http:\/\/bambapolitica.com.mx\/?p=60191"},"modified":"2023-06-01T12:01:20","modified_gmt":"2023-06-01T18:01:20","slug":"grupo-mexico-acuerda-entregar-tramo-de-vias-de-ferrosur-gobierno-le-ampliara-otra-concesion","status":"publish","type":"post","link":"https:\/\/bambapolitica.com.mx\/index.php\/2023\/06\/01\/grupo-mexico-acuerda-entregar-tramo-de-vias-de-ferrosur-gobierno-le-ampliara-otra-concesion\/","title":{"rendered":"Grupo M\u00e9xico acuerda entregar tramo de v\u00edas de Ferrosur; gobierno le ampliar\u00e1 otra concesi\u00f3n"},"content":{"rendered":"\n<p>Jueves 01 de junio 2023<\/p>\n\n\n\n<p>&#8220;Estoy muy contento porque es el rescate de una v\u00eda en una regi\u00f3n estrat\u00e9gica, regresa a la naci\u00f3n este bien&#8221;, expres\u00f3 el Presidente.<\/p>\n\n\n\n<p>El presidente Andr\u00e9s Manuel L\u00f3pez Obrador revel\u00f3 que para recuperar los 120 kil\u00f3metros concesionados a Ferrosur&nbsp;en el Istmo de Tehuantepec, se acord\u00f3 ampliarles a ocho a\u00f1os otra concesi\u00f3n ferroviaria, darles paso a cambio de una cuota y hasta se logr\u00f3 que se desistieran de una demanda en contra del Tren Maya.<\/p>\n\n\n\n<p>En la conferencia ma\u00f1anera que encabez\u00f3 en Ciudad Madero, Tamaulipas, el mandatario explic\u00f3 que fue un buen acuerdo porque al final Grupo M\u00e9xico cedi\u00f3 voluntariamente el tramo a su administraci\u00f3n.<br><\/p>\n\n\n\n<p>&#8220;Se lleg\u00f3 al acuerdo de entregar voluntariamente este tramo de concesi\u00f3n que es estrat\u00e9gico porque es el Istmo\u2026Se hizo un aval\u00fao, van a regresar la concesi\u00f3n y en el tramo del Istmo a Veracruz se ampl\u00eda la concesi\u00f3n a ocho a\u00f1os, no se paga, sino se les ampl\u00eda ocho a\u00f1os su concesi\u00f3n por ceder el tramo del Istmo&#8221;, detall\u00f3.<br>Adem\u00e1s, aprovechando la mesa de negociaci\u00f3n, se logr\u00f3 que Grupo M\u00e9xico retirara una demanda que ten\u00eda en contra del Tren Maya.<\/p>\n\n\n\n<p>&#8220;Fue un arreglo muy favorable, yo estoy muy contento porque es el rescate de una v\u00eda en una regi\u00f3n estrat\u00e9gica, regresa a la naci\u00f3n este bien&#8221;, expres\u00f3 el Presidente.<br>&#8220;Con este bien hemos recuperado m\u00e1s de 2 mil kil\u00f3metros concesionados de v\u00edas f\u00e9rreas y espero terminar mi mandato entregando 2 mil kil\u00f3metros de v\u00edas f\u00e9rreas con trenes de pasajeros, eso no se ve\u00eda desde hace tiempo&#8221;, agreg\u00f3.<\/p>\n\n\n\n<p>En tanto, el secretario de Gobernaci\u00f3n, Ad\u00e1n Augusto L\u00f3pez, explic\u00f3 que la ampliaci\u00f3n de la concesi\u00f3n se calcul\u00f3 a trav\u00e9s del Instituto de Administraci\u00f3n y Aval\u00faos de Bienes Nacionales que result\u00f3 en un total de 836 millones 994 mil pesos que se dividi\u00f3 y actualiz\u00f3 con el \u00edndice inflacionario.<\/p>\n\n\n\n<p>Adem\u00e1s, se convino el pago de una cuota de 4 pesos con 10 centavos por el paso de los vagones de Ferrosur por el tramo recuperado, as\u00ed como de 8 pesos con 15 centavos por locomotora.<\/p>\n\n\n\n<p>&#8220;El acuerdo se firm\u00f3 anoche, a las siete de la noche, firm\u00f3 Ferrosur, la secretar\u00eda de Marina, Hacienda y un servidor&#8221;, aclar\u00f3.<br>https:\/\/www.milenio.com\/negocios\/grupo-mexico-acuerda-entregar-tramo-vias-ferrosur<\/p>\n","protected":false},"excerpt":{"rendered":"<p>Jueves 01 de junio 2023 &#8220;Estoy muy contento porque es el rescate de una v\u00eda&#8230;<\/p>\n","protected":false},"author":3,"featured_media":60192,"comment_status":"closed","ping_status":"closed","sticky":false,"template":"","format":"standard","meta":{"footnotes":""},"categories":[4],"tags":[],"class_list":["post-60191","post","type-post","status-publish","format-standard","has-post-thumbnail","hentry","category-noticias-del-dia"],"_links":{"self":[{"href":"https:\/\/bambapolitica.com.mx\/index.php\/wp-json\/wp\/v2\/posts\/60191","targetHints":{"allow":["GET"]}}],"collection":[{"href":"https:\/\/bambapolitica.com.mx\/index.php\/wp-json\/wp\/v2\/posts"}],"about":[{"href":"https:\/\/bambapolitica.com.mx\/index.php\/wp-json\/wp\/v2\/types\/post"}],"author":[{"embeddable":true,"href":"https:\/\/bambapolitica.com.mx\/index.php\/wp-json\/wp\/v2\/users\/3"}],"replies":[{"embeddable":true,"href":"https:\/\/bambapolitica.com.mx\/index.php\/wp-json\/wp\/v2\/comments?post=60191"}],"version-history":[{"count":1,"href":"https:\/\/bambapolitica.com.mx\/index.php\/wp-json\/wp\/v2\/posts\/60191\/revisions"}],"predecessor-version":[{"id":60193,"href":"https:\/\/bambapolitica.com.mx\/index.php\/wp-json\/wp\/v2\/posts\/60191\/revisions\/60193"}],"wp:featuredmedia":[{"embeddable":true,"href":"https:\/\/bambapolitica.com.mx\/index.php\/wp-json\/wp\/v2\/media\/60192"}],"wp:attachment":[{"href":"https:\/\/bambapolitica.com.mx\/index.php\/wp-json\/wp\/v2\/media?parent=60191"}],"wp:term":[{"taxonomy":"category","embeddable":true,"href":"https:\/\/bambapolitica.com.mx\/index.php\/wp-json\/wp\/v2\/categories?post=60191"},{"taxonomy":"post_tag","embeddable":true,"href":"https:\/\/bambapolitica.com.mx\/index.php\/wp-json\/wp\/v2\/tags?post=60191"}],"curies":[{"name":"wp","href":"https:\/\/api.w.org\/{rel}","templated":true}]}}