{"id":60194,"date":"2023-06-01T12:08:46","date_gmt":"2023-06-01T18:08:46","guid":{"rendered":"http:\/\/bambapolitica.com.mx\/?p=60194"},"modified":"2023-06-01T12:08:55","modified_gmt":"2023-06-01T18:08:55","slug":"amlo-rectifica-y-rechaza-acuerdo-de-paz-con-criminales-para-evitar-mas-desapariciones","status":"publish","type":"post","link":"https:\/\/bambapolitica.com.mx\/index.php\/2023\/06\/01\/amlo-rectifica-y-rechaza-acuerdo-de-paz-con-criminales-para-evitar-mas-desapariciones\/","title":{"rendered":"AMLO rectifica y rechaza acuerdo de paz con criminales para evitar m\u00e1s desapariciones"},"content":{"rendered":"\n<p>Jueves 01 de mayo 2023<\/p>\n\n\n\n<h2 class=\"wp-block-heading\">L\u00f3pez Obrador se\u00f1al\u00f3 que sus declaraciones fueron hechas en el sentido de que estaba a favor de \u201ccualquier medida que nos permitiera vivir en paz\u201d<\/h2>\n\n\n\n<p>Al manifestar que \u201cno hay en puerta ni un otro plan\u201d, el presidente&nbsp;<a href=\"https:\/\/www.eluniversal.com.mx\/tag\/amlo\/\" target=\"_blank\" rel=\"noreferrer noopener\"><strong>Andr\u00e9s Manuel L\u00f3pez Obrador<\/strong><\/a>&nbsp;rectific\u00f3 su postura y asegur\u00f3 que en su gobierno no se busca ni apoya&nbsp;<strong>la propuesta de un acuerdo de paz<\/strong>&nbsp;con grupos criminales para evitar m\u00e1s desaparecidos como lo afirm\u00f3 el martes pasado.<\/p>\n\n\n\n<p>En su ma\u00f1anera de este jueves en las instalaciones de la Primera Regi\u00f3n Naval, en Ciudad Madero,&nbsp;<a href=\"https:\/\/www.eluniversal.com.mx\/nacion\/\" target=\"_blank\" rel=\"noreferrer noopener\"><strong>Tamaulipas<\/strong><\/a>, L\u00f3pez Obrador se\u00f1al\u00f3 que sus declaraciones fueron hechas en el sentido de que estaba a favor de \u201ccualquier medida que nos permitiera vivir en paz\u201d.<\/p>\n\n\n\n<p>\u201cLa pregunta siempre me pareci\u00f3 tendenciosa, pero no pod\u00eda yo decir &#8216;f\u00edjense, ni queremos ning\u00fan acuerdo con la delincuencia&#8217;, como dec\u00edan los otros presidentes; &#8216;no me va a temblar la mano&#8217;, &#8216;los vamos a derrotar&#8217;. As\u00ed, esas balandronadas en asuntos tan serios. Yo tambi\u00e9n, ni modo de decir no tenemos acuerdo ni queremos tenerlo con quien por su propia voluntad decida actuar de manera responsable y humana\u201d, declar\u00f3 el Presidente.<\/p>\n\n\n\n<p>Acompa\u00f1ado por su gabinete de Seguridad y por el gobernador&nbsp;<a href=\"https:\/\/www.eluniversal.com.mx\/tag\/americo-villarreal\/\" target=\"_blank\" rel=\"noreferrer noopener\"><strong>Am\u00e9rico Villarreal<\/strong><\/a>, L\u00f3pez Obrador afirm\u00f3 que su gobierno seguir\u00e1 apoyando a las&nbsp;<a href=\"https:\/\/www.eluniversal.com.mx\/tag\/madres-buscadoras\/\" target=\"_blank\" rel=\"noreferrer noopener\"><strong>madres buscadoras<\/strong><\/a>&nbsp;pues \u201ces nuestra responsabilidad\u201d.<\/p>\n\n\n\n<p>\u201cNo hay en puerta ni un otro plan\u201d, expres\u00f3.<\/p>\n\n\n\n<p>\u201cEntonces aclaro eso, y vamos a seguir apoyando a las madres que est\u00e1n buscando a sus hijos, a los familiares, que est\u00e1n buscando a personas desaparecidas, pero es nuestra responsabilidad y no hay en puerta ni un otro plan\u201d, agreg\u00f3.<\/p>\n\n\n\n<h2 class=\"wp-block-heading\">Lo que dijo AMLO sobre el pacto de paz<\/h2>\n\n\n\n<p>El martes pasado, el presidente L\u00f3pez Obrador expres\u00f3 su apoyo a la propuesta de Delia Quiroa, integrante de la Uni\u00f3n de Colectivos de Madres Buscadoras, de buscar un&nbsp;<strong>pacto de paz&nbsp;<\/strong>con&nbsp;<a href=\"https:\/\/www.eluniversal.com.mx\/tag\/grupos-criminales\/\" target=\"_blank\" rel=\"noreferrer noopener\"><strong>organizaciones criminales<\/strong><\/a>&nbsp;para erradicar los casos de desaparici\u00f3n.<\/p>\n\n\n\n<p>\u201cPresidente, para precisar: \u00bfUsted s\u00ed suscribe o se suma a este llamado a las organizaciones criminales para un pacto social para la paz?, se le pregunt\u00f3.<\/p>\n\n\n\n<p>\u201cTodo lo que signifique hacer a un lado o no usar la violencia, lo apruebo\u201d, respondi\u00f3.<\/p>\n\n\n\n<p>\u201cEntonces, \u00bfUsted s\u00ed suscribe o se suma a este llamado de las organizaciones criminales para un pacto social para la paz?\u201d, se le insisti\u00f3.<\/p>\n\n\n\n<p>\u201cYo s\u00ed. Todo lo que signifique hacer a un lado o&nbsp;<strong>no usar la violencia<\/strong>, lo apruebo, lo apruebo. Y eso no tiene que ser por demanda. \u00bfS\u00ed? S\u00f3lo de la autoridad, sino es por decisi\u00f3n de los mismos integrantes de estas bandas. Ellos deben de asumir una responsabilidad y comportarse como buenos ciudadanos; o sea, no perderse o pensar que ya no tienen otra opci\u00f3n, otro camino, no. Siempre hay salidas, siempre hay salidas para los que no quieren usar la violencia\u201d, respondi\u00f3.<\/p>\n","protected":false},"excerpt":{"rendered":"<p>Jueves 01 de mayo 2023 L\u00f3pez Obrador se\u00f1al\u00f3 que sus declaraciones fueron hechas en el&#8230;<\/p>\n","protected":false},"author":3,"featured_media":60195,"comment_status":"closed","ping_status":"closed","sticky":false,"template":"","format":"standard","meta":{"footnotes":""},"categories":[4],"tags":[],"class_list":["post-60194","post","type-post","status-publish","format-standard","has-post-thumbnail","hentry","category-noticias-del-dia"],"_links":{"self":[{"href":"https:\/\/bambapolitica.com.mx\/index.php\/wp-json\/wp\/v2\/posts\/60194","targetHints":{"allow":["GET"]}}],"collection":[{"href":"https:\/\/bambapolitica.com.mx\/index.php\/wp-json\/wp\/v2\/posts"}],"about":[{"href":"https:\/\/bambapolitica.com.mx\/index.php\/wp-json\/wp\/v2\/types\/post"}],"author":[{"embeddable":true,"href":"https:\/\/bambapolitica.com.mx\/index.php\/wp-json\/wp\/v2\/users\/3"}],"replies":[{"embeddable":true,"href":"https:\/\/bambapolitica.com.mx\/index.php\/wp-json\/wp\/v2\/comments?post=60194"}],"version-history":[{"count":1,"href":"https:\/\/bambapolitica.com.mx\/index.php\/wp-json\/wp\/v2\/posts\/60194\/revisions"}],"predecessor-version":[{"id":60196,"href":"https:\/\/bambapolitica.com.mx\/index.php\/wp-json\/wp\/v2\/posts\/60194\/revisions\/60196"}],"wp:featuredmedia":[{"embeddable":true,"href":"https:\/\/bambapolitica.com.mx\/index.php\/wp-json\/wp\/v2\/media\/60195"}],"wp:attachment":[{"href":"https:\/\/bambapolitica.com.mx\/index.php\/wp-json\/wp\/v2\/media?parent=60194"}],"wp:term":[{"taxonomy":"category","embeddable":true,"href":"https:\/\/bambapolitica.com.mx\/index.php\/wp-json\/wp\/v2\/categories?post=60194"},{"taxonomy":"post_tag","embeddable":true,"href":"https:\/\/bambapolitica.com.mx\/index.php\/wp-json\/wp\/v2\/tags?post=60194"}],"curies":[{"name":"wp","href":"https:\/\/api.w.org\/{rel}","templated":true}]}}