{"id":60206,"date":"2023-06-01T12:23:54","date_gmt":"2023-06-01T18:23:54","guid":{"rendered":"http:\/\/bambapolitica.com.mx\/?p=60206"},"modified":"2023-06-01T12:23:56","modified_gmt":"2023-06-01T18:23:56","slug":"pedro-avila-primo-del-gobernador-david-monreal-es-liberado-tras-sufrir-secuestro-en-zacatecas","status":"publish","type":"post","link":"https:\/\/bambapolitica.com.mx\/index.php\/2023\/06\/01\/pedro-avila-primo-del-gobernador-david-monreal-es-liberado-tras-sufrir-secuestro-en-zacatecas\/","title":{"rendered":"Pedro \u00c1vila, primo del gobernador David Monreal, es liberado tras sufrir secuestro en Zacatecas"},"content":{"rendered":"\n<p>Jueves 01 de junio 2023<\/p>\n\n\n\n<h2 class=\"wp-block-heading\">Adem\u00e1s del primo del gobernador de Zacatecas, dos personas m\u00e1s fueron secuestradas en Fresnillo.<\/h2>\n\n\n\n<p><strong>Pedro \u00c1vila Rodr\u00edguez<\/strong>,&nbsp;<a href=\"https:\/\/www.elfinanciero.com.mx\/estados\/2023\/05\/20\/ricardo-monreal-primo-del-senador-y-del-gobernador-de-zacatecas-fue-privado-de-su-libertad-en-fresnillo\/\" target=\"_blank\" rel=\"noreferrer noopener\">primo del Senador Ricardo Monreal \u00c1vila&nbsp;<\/a>y del gobernador de Zacatecas, David Monreal, fue liberado sin lesiones que puedan considerarse de gravedad, luego de que fue secuestrado en Fresnillo.<\/p>\n\n\n\n<p>Adem\u00e1s, trascendi\u00f3 que otras dos personas privadas de su libertad junto con \u00c1vila Rodr\u00edguez tambi\u00e9n fueron puestos en libertad.<\/p>\n\n\n\n<p>El hecho se registr\u00f3 11 d\u00edas despu\u00e9s de que las tres personas fueran sustra\u00eddas en la&nbsp;<strong>comunidad&nbsp;<\/strong>de Plateros, en el municipio de Fresnillo.<\/p>\n\n\n\n<p>La Fiscal\u00eda General de Justicia del Estado de Zacatecas confirm\u00f3 la liberaci\u00f3n de \u00c1vila Rodr\u00edguez adem\u00e1s de Carlos Manuel Pacheco Hern\u00e1ndez y Alonso D\u00edaz Venegas.<\/p>\n\n\n\n<p>El&nbsp;<strong>alcalde&nbsp;<\/strong>Sa\u00fal&nbsp;<a href=\"https:\/\/www.elfinanciero.com.mx\/opinion\/confidencial\/2023\/05\/19\/la-incierta-apuesta-de-monreal\/\" target=\"_blank\" rel=\"noreferrer noopener\">Monreal \u00c1vila&nbsp;<\/a>dijo que las tres personas solo presentan algunos golpes sin mayores lesiones.<\/p>\n\n\n\n<p>Desde el 20 de mayo, la Fiscal\u00eda General de Justicia inici\u00f3 la carpeta de investigaci\u00f3n derivada de un reporte policial sobre la privaci\u00f3n de la libertad de tres hombres.<\/p>\n\n\n\n<p>La<strong>&nbsp;investigaci\u00f3n<\/strong>&nbsp;se\u00f1al\u00f3 que los hechos se registraron cerca de las 13:00 horas del 20 de mayo, cuando las tres v\u00edctimas viajaban a bordo de un veh\u00edculo propiedad del&nbsp;<a href=\"https:\/\/www.elfinanciero.com.mx\/estados\/2023\/03\/11\/incendio-en-basurero-de-fresnillo-decenas-de-lomitos-murieron\/\" target=\"_blank\" rel=\"noreferrer noopener\">Ayuntamiento de Fresnillo<\/a>.<\/p>\n\n\n\n<p>Las personas fueron interceptadas por sujetos armados cerca del establecimiento comercial propiedad de \u00c1vila Rodr\u00edguez, priv\u00e1ndolo de la libertad junto con dos j\u00f3venes trabadores de una empresa que surt\u00eda su establecimiento e iban con \u00e9l en el veh\u00edculo, seg\u00fan informaron testigos.<\/p>\n\n\n\n<h2 class=\"wp-block-heading\">Lo que se sabe sobre el secuestro del primo de Ricardo y David Monreal<\/h2>\n\n\n\n<p>Las<strong>&nbsp;acciones<\/strong>&nbsp;realizadas por las fuerzas de seguridad, \u201cprovocaron la movilizaci\u00f3n de c\u00e9lulas delictivas que en su huida dispersaron objetos ponchallantas en algunos tramos de la carretera federal 45\u2033.<\/p>\n\n\n\n<p>La situaci\u00f3n provoc\u00f3 alarma entre los habitantes del municipio, quienes alertaron a sus familiares y amigos sobre el despliegue de estos artefactos en dicha vialidad.<\/p>\n\n\n\n<p>Desde principios de\u00a0<strong>2023<\/strong>\u00a0el municipio de Fresnillo, en<a rel=\"noreferrer noopener\" href=\"https:\/\/www.elfinanciero.com.mx\/estados\/2023\/01\/28\/violencia-en-zacatecas-ataque-armado-deja-siete-muertos-en-jerez\/\" target=\"_blank\">\u00a0Zacatecas, ha sido referente de violencia<\/a>\u00a0por la lucha por la plaza entre c\u00e9lulas criminales, lo que ha provocado temor entre los habitantes.<\/p>\n\n\n\n<p><a href=\"https:\/\/www.elfinanciero.com.mx\/estados\/2023\/06\/01\/pedro-avila-primo-de-david-monreal-es-liberado-tras-sufrir-secuestro-en-zacatecas\/\">https:\/\/www.elfinanciero.com.mx\/estados\/2023\/06\/01\/pedro-avila-primo-de-david-monreal-es-liberado-tras-sufrir-secuestro-en-zacatecas\/<\/a><\/p>\n","protected":false},"excerpt":{"rendered":"<p>Jueves 01 de junio 2023 Adem\u00e1s del primo del gobernador de Zacatecas, dos personas m\u00e1s&#8230;<\/p>\n","protected":false},"author":3,"featured_media":60207,"comment_status":"closed","ping_status":"closed","sticky":false,"template":"","format":"standard","meta":{"footnotes":""},"categories":[2],"tags":[],"class_list":["post-60206","post","type-post","status-publish","format-standard","has-post-thumbnail","hentry","category-policiaca"],"_links":{"self":[{"href":"https:\/\/bambapolitica.com.mx\/index.php\/wp-json\/wp\/v2\/posts\/60206","targetHints":{"allow":["GET"]}}],"collection":[{"href":"https:\/\/bambapolitica.com.mx\/index.php\/wp-json\/wp\/v2\/posts"}],"about":[{"href":"https:\/\/bambapolitica.com.mx\/index.php\/wp-json\/wp\/v2\/types\/post"}],"author":[{"embeddable":true,"href":"https:\/\/bambapolitica.com.mx\/index.php\/wp-json\/wp\/v2\/users\/3"}],"replies":[{"embeddable":true,"href":"https:\/\/bambapolitica.com.mx\/index.php\/wp-json\/wp\/v2\/comments?post=60206"}],"version-history":[{"count":1,"href":"https:\/\/bambapolitica.com.mx\/index.php\/wp-json\/wp\/v2\/posts\/60206\/revisions"}],"predecessor-version":[{"id":60208,"href":"https:\/\/bambapolitica.com.mx\/index.php\/wp-json\/wp\/v2\/posts\/60206\/revisions\/60208"}],"wp:featuredmedia":[{"embeddable":true,"href":"https:\/\/bambapolitica.com.mx\/index.php\/wp-json\/wp\/v2\/media\/60207"}],"wp:attachment":[{"href":"https:\/\/bambapolitica.com.mx\/index.php\/wp-json\/wp\/v2\/media?parent=60206"}],"wp:term":[{"taxonomy":"category","embeddable":true,"href":"https:\/\/bambapolitica.com.mx\/index.php\/wp-json\/wp\/v2\/categories?post=60206"},{"taxonomy":"post_tag","embeddable":true,"href":"https:\/\/bambapolitica.com.mx\/index.php\/wp-json\/wp\/v2\/tags?post=60206"}],"curies":[{"name":"wp","href":"https:\/\/api.w.org\/{rel}","templated":true}]}}