{"id":60218,"date":"2023-06-01T12:35:04","date_gmt":"2023-06-01T18:35:04","guid":{"rendered":"http:\/\/bambapolitica.com.mx\/?p=60218"},"modified":"2023-06-01T12:35:08","modified_gmt":"2023-06-01T18:35:08","slug":"el-sujeto-le-disparo-y-la-mato-por-una-dosis-de-droga-que-no-le-quiso-regresar-en-ixtapaluca","status":"publish","type":"post","link":"https:\/\/bambapolitica.com.mx\/index.php\/2023\/06\/01\/el-sujeto-le-disparo-y-la-mato-por-una-dosis-de-droga-que-no-le-quiso-regresar-en-ixtapaluca\/","title":{"rendered":"EL SUJETO LE DISPAR\u00d3 Y LA MAT\u00d3 POR UNA D\u00d3SIS DE DROGA QUE NO LE QUISO REGRESAR EN IXTAPALUCA"},"content":{"rendered":"\n<p>Jueves 01 de junio 2023<\/p>\n\n\n\n<p>IXTAPALUCA. Edom\u00e9x. 1 de junio del 2023.- Cerca de las 8:30 horas de la noche, del \u00faltimo d\u00eda de mayo, fue encontrado el cuerpo sin vida de una mujer, quien presentaba varios&nbsp; impactos por arma de fuego, en calles de la colonia la venta, de este municipio mexiquense.<\/p>\n\n\n\n<p>Seg\u00fan reportes de la polic\u00eda municipal de Ixtapaluca, en el Estado de M\u00e9xico, los hechos se suscitaron en la calle Manuel Altamirano, esquina calle Zaragoza, colonia la Venta.<\/p>\n\n\n\n<figure class=\"wp-block-image\"><img decoding=\"async\" src=\"https:\/\/i0.wp.com\/reporterosenmovimiento.com\/wp-content\/uploads\/2023\/06\/wp-1685640664519949182311750878305.jpg?resize=640%2C480&amp;ssl=1\" alt=\"\" class=\"wp-image-471390\"\/><\/figure>\n\n\n\n<p>En el lugar, los elementos&nbsp; toman conocimiento de una persona del sexo femenino muerta por disparos de arma de fuego, quien vest\u00eda tenis&nbsp; negro, pans gris, blusa blanca con puntos negros, de aproximadamente 35 a\u00f1os de edad.<\/p>\n\n\n\n<p>La mujer,&nbsp; quien se encuentra en calidad de desconocida, presenta&nbsp;&nbsp; dos impactos por arma de fuego en la espalda.<br>Tras una revisi\u00f3n por la zona cercana al lugar los elementos visualizan&nbsp; 3 casquillos percutidos.<\/p>\n\n\n\n<p>Seg\u00fan las primeras investigaciones, se logra la detenci\u00f3n del supuesto agresor , el cual indica, en una entrevista informal, que le dispar\u00f3 por una d\u00f3sis de droga que no le quiso regresar.<br>Esto en coordinaci\u00f3n con una unidad de recuperaci\u00f3n de veh\u00edculos de la Secretaria de Seguridad del Estado de M\u00e9xico, traslad\u00e1ndose al Ministerio P\u00fablico de la Fiscalia de Homicidios, con sede en Ixtapaluca.<\/p>\n\n\n\n<figure class=\"wp-block-embed is-type-wp-embed is-provider-reporteros-en-movimiento wp-block-embed-reporteros-en-movimiento\"><div class=\"wp-block-embed__wrapper\">\n<blockquote class=\"wp-embedded-content\" data-secret=\"oSoCzKnSNl\"><a href=\"https:\/\/reporterosenmovimiento.com\/2023\/06\/01\/el-sujeto-le-disparo-y-la-mato-por-una-dosis-de-droga-que-no-le-quiso-regresar-en-ixtapaluca\/\">EL SUJETO LE DISPAR\u00d3 Y LA MAT\u00d3 POR UNA D\u00d3SIS DE DROGA QUE NO LE QUISO REGRESAR EN IXTAPALUCA<\/a><\/blockquote><iframe loading=\"lazy\" class=\"wp-embedded-content\" sandbox=\"allow-scripts\" security=\"restricted\" style=\"position: absolute; visibility: hidden;\" title=\"\u00abEL SUJETO LE DISPAR\u00d3 Y LA MAT\u00d3 POR UNA D\u00d3SIS DE DROGA QUE NO LE QUISO REGRESAR EN IXTAPALUCA\u00bb \u2014 Reporteros en Movimiento\" src=\"https:\/\/reporterosenmovimiento.com\/2023\/06\/01\/el-sujeto-le-disparo-y-la-mato-por-una-dosis-de-droga-que-no-le-quiso-regresar-en-ixtapaluca\/embed\/#?secret=Ff4uX0g1Zk#?secret=oSoCzKnSNl\" data-secret=\"oSoCzKnSNl\" width=\"600\" height=\"338\" frameborder=\"0\" marginwidth=\"0\" marginheight=\"0\" scrolling=\"no\"><\/iframe>\n<\/div><\/figure>\n","protected":false},"excerpt":{"rendered":"<p>Jueves 01 de junio 2023 IXTAPALUCA. Edom\u00e9x. 1 de junio del 2023.- Cerca de las&#8230;<\/p>\n","protected":false},"author":3,"featured_media":60219,"comment_status":"closed","ping_status":"closed","sticky":false,"template":"","format":"standard","meta":{"footnotes":""},"categories":[4],"tags":[],"class_list":["post-60218","post","type-post","status-publish","format-standard","has-post-thumbnail","hentry","category-noticias-del-dia"],"_links":{"self":[{"href":"https:\/\/bambapolitica.com.mx\/index.php\/wp-json\/wp\/v2\/posts\/60218","targetHints":{"allow":["GET"]}}],"collection":[{"href":"https:\/\/bambapolitica.com.mx\/index.php\/wp-json\/wp\/v2\/posts"}],"about":[{"href":"https:\/\/bambapolitica.com.mx\/index.php\/wp-json\/wp\/v2\/types\/post"}],"author":[{"embeddable":true,"href":"https:\/\/bambapolitica.com.mx\/index.php\/wp-json\/wp\/v2\/users\/3"}],"replies":[{"embeddable":true,"href":"https:\/\/bambapolitica.com.mx\/index.php\/wp-json\/wp\/v2\/comments?post=60218"}],"version-history":[{"count":1,"href":"https:\/\/bambapolitica.com.mx\/index.php\/wp-json\/wp\/v2\/posts\/60218\/revisions"}],"predecessor-version":[{"id":60220,"href":"https:\/\/bambapolitica.com.mx\/index.php\/wp-json\/wp\/v2\/posts\/60218\/revisions\/60220"}],"wp:featuredmedia":[{"embeddable":true,"href":"https:\/\/bambapolitica.com.mx\/index.php\/wp-json\/wp\/v2\/media\/60219"}],"wp:attachment":[{"href":"https:\/\/bambapolitica.com.mx\/index.php\/wp-json\/wp\/v2\/media?parent=60218"}],"wp:term":[{"taxonomy":"category","embeddable":true,"href":"https:\/\/bambapolitica.com.mx\/index.php\/wp-json\/wp\/v2\/categories?post=60218"},{"taxonomy":"post_tag","embeddable":true,"href":"https:\/\/bambapolitica.com.mx\/index.php\/wp-json\/wp\/v2\/tags?post=60218"}],"curies":[{"name":"wp","href":"https:\/\/api.w.org\/{rel}","templated":true}]}}