{"id":60222,"date":"2023-06-02T09:11:54","date_gmt":"2023-06-02T15:11:54","guid":{"rendered":"http:\/\/bambapolitica.com.mx\/?p=60222"},"modified":"2023-06-02T09:12:03","modified_gmt":"2023-06-02T15:12:03","slug":"aseguran-fabrica-donde-elaboraban-refresco-de-cola-pirata-en-los-reyes-la-paz","status":"publish","type":"post","link":"https:\/\/bambapolitica.com.mx\/index.php\/2023\/06\/02\/aseguran-fabrica-donde-elaboraban-refresco-de-cola-pirata-en-los-reyes-la-paz\/","title":{"rendered":"ASEGURAN FABRICA D\u00d3NDE ELABORABAN REFRESCO DE COLA PIRATA, EN LOS REYES, LA PAZ."},"content":{"rendered":"\n<p>Viernes 02 de junio 2023<\/p>\n\n\n\n<p>La tarde de este jueves fue descubierta y asegurada una f\u00e1brica donde elaboraban refresco pirata de una marca reconocida, en la colonia San Sebasti\u00e1n del municipio, Los Reyes, La Paz, en el Estado de M\u00e9xico.<\/p>\n\n\n\n<p>Personal de la Fiscal\u00eda Regional de Justicia con sede en Nezahualc\u00f3yotl, a cargo del Fiscal, Maestro Elohim D\u00edaz Jim\u00e9nez, ingresaron al predio ubicado en las calles Hiedra y Camino a la Barranca, localizando miles de envases llenos y vac\u00edos de un refresco de cola, en cajas y bolsas contenedoras.<\/p>\n\n\n\n<p>En el lugar tambi\u00e9n se encontraban varias camionetas en las que presuntamente distribu\u00edan el producto en toda la regi\u00f3n.<\/p>\n\n\n\n<p>Cerca de 100 elementos entre personal de la Fiscal\u00eda, Ej\u00e9rcito Guardia Nacional y Secretar\u00eda de Seguridad, aseguraron el lugar, as\u00ed como la maquinaria, envases, unidades de transporte, as\u00ed como 9 personas que fueron trasladadas al Ministerio P\u00fablico para deslindar responsabilidades.<\/p>\n","protected":false},"excerpt":{"rendered":"<p>Viernes 02 de junio 2023 La tarde de este jueves fue descubierta y asegurada una&#8230;<\/p>\n","protected":false},"author":3,"featured_media":60223,"comment_status":"closed","ping_status":"closed","sticky":false,"template":"","format":"standard","meta":{"footnotes":""},"categories":[4],"tags":[],"class_list":["post-60222","post","type-post","status-publish","format-standard","has-post-thumbnail","hentry","category-noticias-del-dia"],"_links":{"self":[{"href":"https:\/\/bambapolitica.com.mx\/index.php\/wp-json\/wp\/v2\/posts\/60222","targetHints":{"allow":["GET"]}}],"collection":[{"href":"https:\/\/bambapolitica.com.mx\/index.php\/wp-json\/wp\/v2\/posts"}],"about":[{"href":"https:\/\/bambapolitica.com.mx\/index.php\/wp-json\/wp\/v2\/types\/post"}],"author":[{"embeddable":true,"href":"https:\/\/bambapolitica.com.mx\/index.php\/wp-json\/wp\/v2\/users\/3"}],"replies":[{"embeddable":true,"href":"https:\/\/bambapolitica.com.mx\/index.php\/wp-json\/wp\/v2\/comments?post=60222"}],"version-history":[{"count":1,"href":"https:\/\/bambapolitica.com.mx\/index.php\/wp-json\/wp\/v2\/posts\/60222\/revisions"}],"predecessor-version":[{"id":60224,"href":"https:\/\/bambapolitica.com.mx\/index.php\/wp-json\/wp\/v2\/posts\/60222\/revisions\/60224"}],"wp:featuredmedia":[{"embeddable":true,"href":"https:\/\/bambapolitica.com.mx\/index.php\/wp-json\/wp\/v2\/media\/60223"}],"wp:attachment":[{"href":"https:\/\/bambapolitica.com.mx\/index.php\/wp-json\/wp\/v2\/media?parent=60222"}],"wp:term":[{"taxonomy":"category","embeddable":true,"href":"https:\/\/bambapolitica.com.mx\/index.php\/wp-json\/wp\/v2\/categories?post=60222"},{"taxonomy":"post_tag","embeddable":true,"href":"https:\/\/bambapolitica.com.mx\/index.php\/wp-json\/wp\/v2\/tags?post=60222"}],"curies":[{"name":"wp","href":"https:\/\/api.w.org\/{rel}","templated":true}]}}