{"id":60227,"date":"2023-06-02T11:46:47","date_gmt":"2023-06-02T17:46:47","guid":{"rendered":"http:\/\/bambapolitica.com.mx\/?p=60227"},"modified":"2023-06-02T11:46:49","modified_gmt":"2023-06-02T17:46:49","slug":"grupo-mexico-acepta-cerrar-su-participacion-en-tramo-5-del-tren-maya","status":"publish","type":"post","link":"https:\/\/bambapolitica.com.mx\/index.php\/2023\/06\/02\/grupo-mexico-acepta-cerrar-su-participacion-en-tramo-5-del-tren-maya\/","title":{"rendered":"Grupo M\u00e9xico acepta cerrar su participaci\u00f3n en tramo 5 del Tren Maya"},"content":{"rendered":"\n<p>Viernes 02 de junio 2023<\/p>\n\n\n\n<h2 class=\"wp-block-heading\">La empresa inform\u00f3 que el mi\u00e9rcoles se suscribi\u00f3 un acuerdo con el Gobierno Federal sobre la entrega de los tramos ferroviarios<\/h2>\n\n\n\n<p><strong>Grupo M\u00e9xico&nbsp;<\/strong>inform\u00f3 que firm\u00f3 un acuerdo el mi\u00e9rcoles para cerrar su participaci\u00f3n en el&nbsp;<a href=\"https:\/\/www.eluniversal.com.mx\/nacion\/asegura-amlo-haber-llegado-a-un-buen-acuerdo-con-grupo-mexico-falta-la-firma-dice\/\" target=\"_blank\" rel=\"noreferrer noopener\"><strong>Tren Maya<\/strong><\/a>, en medio de las negociaciones con el&nbsp;<strong>gobierno federal&nbsp;<\/strong>donde tambi\u00e9n se logr\u00f3 ampliar concesiones a cambio del tramo ferroviario del&nbsp;<strong>Istmo de Tehuantepec<\/strong>.<\/p>\n\n\n\n<p>\u201cEl consorcio (<a href=\"https:\/\/www.eluniversal.com.mx\/tag\/grupo-mexico\/\" target=\"_blank\" rel=\"noreferrer noopener\"><strong>Grupo M\u00e9xico<\/strong><\/a>) resalt\u00f3 la imposibilidad t\u00e9cnica para realizar el proyecto en 11 meses y entregarlo en julio de 2023, a\u00fan cuando otros consorcios aseguraban poder tenerlo terminado en dicha fecha&#8221;, dijo Grupo M\u00e9xico en un comunicado a la Bolsa Mexicana de Valores (<a href=\"https:\/\/www.eluniversal.com.mx\/tag\/bolsa-mexicana-de-valores\/\" target=\"_blank\" rel=\"noreferrer noopener\"><strong>BMV<\/strong><\/a>).<\/p>\n\n\n\n<p>Agreg\u00f3 que despu\u00e9s &#8220;el Gobierno Federal declar\u00f3 la obra como de seguridad nacional y dio por terminado anticipadamente el contrato. Desde ese momento el consorcio llev\u00f3 a cabo todas las acciones requeridas por\u00a0<strong>Fonatur\u00a0<\/strong>para formalizar el cierre de ese contrato y proceder a la conciliaci\u00f3n y pago de los trabajos realizados\u201d.<\/p>\n\n\n\n<h2 class=\"wp-block-heading\">El acuerdo entre Grupo M\u00e9xico y Gobierno Federal sobre Ferrosur<\/h2>\n\n\n\n<p>La empresa inform\u00f3 que el mi\u00e9rcoles 31 de mayo se suscribi\u00f3 un acuerdo con el&nbsp;<strong>Gobierno Federal<\/strong>, representado por las secretar\u00edas de Gobernaci\u00f3n, la de Hacienda y Cr\u00e9dito P\u00fablico, la de Infraestructura Comunicaciones y Transportes, y la de Marina, donde se dispuso la entrega de los tramos ferroviarios comprendidos entre El Chapo-Coatzacoalcos, Coatzacoalcos-Medias Aguas e Hibueras-Minatitl\u00e1n, que en su conjunto representan 127 kil\u00f3metros de v\u00eda principal.<\/p>\n\n\n\n<p>\u201cSe convino que, sobre la base del valor de reposici\u00f3n de activos,\u00a0<a rel=\"noreferrer noopener\" href=\"https:\/\/www.eluniversal.com.mx\/tag\/ferrosur\/\" target=\"_blank\"><strong>Ferrosur\u00a0<\/strong><\/a>recibir\u00e1 una extensi\u00f3n de los t\u00e9rminos originales de su concesi\u00f3n hasta la conclusi\u00f3n de la vigencia original de la misma en 2048 y una ampliaci\u00f3n de la vigencia de dicha concesi\u00f3n por un plazo adicional de ocho a\u00f1os en los mismos t\u00e9rminos\u201d, explic\u00f3.<\/p>\n\n\n\n<p><a href=\"https:\/\/www.eluniversal.com.mx\/cartera\/grupo-mexico-acepta-cerrar-su-participacion-en-tramo-5-del-tren-maya\/\">https:\/\/www.eluniversal.com.mx\/cartera\/grupo-mexico-acepta-cerrar-su-participacion-en-tramo-5-del-tren-maya\/<\/a><\/p>\n","protected":false},"excerpt":{"rendered":"<p>Viernes 02 de junio 2023 La empresa inform\u00f3 que el mi\u00e9rcoles se suscribi\u00f3 un acuerdo&#8230;<\/p>\n","protected":false},"author":3,"featured_media":60228,"comment_status":"closed","ping_status":"closed","sticky":false,"template":"","format":"standard","meta":{"footnotes":""},"categories":[4],"tags":[],"class_list":["post-60227","post","type-post","status-publish","format-standard","has-post-thumbnail","hentry","category-noticias-del-dia"],"_links":{"self":[{"href":"https:\/\/bambapolitica.com.mx\/index.php\/wp-json\/wp\/v2\/posts\/60227","targetHints":{"allow":["GET"]}}],"collection":[{"href":"https:\/\/bambapolitica.com.mx\/index.php\/wp-json\/wp\/v2\/posts"}],"about":[{"href":"https:\/\/bambapolitica.com.mx\/index.php\/wp-json\/wp\/v2\/types\/post"}],"author":[{"embeddable":true,"href":"https:\/\/bambapolitica.com.mx\/index.php\/wp-json\/wp\/v2\/users\/3"}],"replies":[{"embeddable":true,"href":"https:\/\/bambapolitica.com.mx\/index.php\/wp-json\/wp\/v2\/comments?post=60227"}],"version-history":[{"count":1,"href":"https:\/\/bambapolitica.com.mx\/index.php\/wp-json\/wp\/v2\/posts\/60227\/revisions"}],"predecessor-version":[{"id":60229,"href":"https:\/\/bambapolitica.com.mx\/index.php\/wp-json\/wp\/v2\/posts\/60227\/revisions\/60229"}],"wp:featuredmedia":[{"embeddable":true,"href":"https:\/\/bambapolitica.com.mx\/index.php\/wp-json\/wp\/v2\/media\/60228"}],"wp:attachment":[{"href":"https:\/\/bambapolitica.com.mx\/index.php\/wp-json\/wp\/v2\/media?parent=60227"}],"wp:term":[{"taxonomy":"category","embeddable":true,"href":"https:\/\/bambapolitica.com.mx\/index.php\/wp-json\/wp\/v2\/categories?post=60227"},{"taxonomy":"post_tag","embeddable":true,"href":"https:\/\/bambapolitica.com.mx\/index.php\/wp-json\/wp\/v2\/tags?post=60227"}],"curies":[{"name":"wp","href":"https:\/\/api.w.org\/{rel}","templated":true}]}}