{"id":60236,"date":"2023-06-02T12:07:53","date_gmt":"2023-06-02T18:07:53","guid":{"rendered":"http:\/\/bambapolitica.com.mx\/?p=60236"},"modified":"2023-06-02T12:07:56","modified_gmt":"2023-06-02T18:07:56","slug":"chiapas-esta-al-filo-de-la-guerra-civil-advierte-el-ezln","status":"publish","type":"post","link":"https:\/\/bambapolitica.com.mx\/index.php\/2023\/06\/02\/chiapas-esta-al-filo-de-la-guerra-civil-advierte-el-ezln\/","title":{"rendered":"Chiapas est\u00e1 al filo de la guerra civil, advierte el EZLN"},"content":{"rendered":"\n<p>Viernes 02 de junio 2023<\/p>\n\n\n\n<h3 class=\"wp-block-heading\">Entre las recientes agresiones est\u00e1 la perpetrada en la comunidad Mois\u00e9s y Gandhi, a manos del grupo paramilitar denominado Organizaci\u00f3n Regional de Caficultores de Ocosingo<\/h3>\n\n\n\n<p><strong>El&nbsp;<a href=\"https:\/\/www.elsoldemexico.com.mx\/republica\/sociedad\/guerra-en-chiapas-senala-ejecito-zapatista-7238051.html\" target=\"_blank\" rel=\"noreferrer noopener\">Ej\u00e9rcito Zapatista de Liberaci\u00f3n Nacional (EZLN)<\/a><\/strong>,&nbsp;<strong>organizaciones ind\u00edgenas y de derechos humanos levantaron su voz&nbsp;<\/strong>para denunciar una<strong>&nbsp;serie de ataques perpetrados en territorio zapatista&nbsp;<\/strong>y otros puntos de&nbsp;<strong>Chiapas&nbsp;<\/strong>y advierten que la entidad \u201cest\u00e1 al filo de la guerra civil por la presencia de paramilitares, miembros de diferentes c\u00e1rteles que se disputan plazas y grupos de autodefensa&#8221;.<\/p>\n\n\n\n<p>Entre estas las recientes agresiones est\u00e1 la perpetrada en<strong>\u00a0la comunidad Mois\u00e9s y Gandhi,\u00a0<\/strong>a manos del grupo paramilitar denominado\u00a0<strong>Organizaci\u00f3n Regional de Caficultores de Ocosingo (ORCAO).<\/strong><\/p>\n\n\n\n<p><strong>El pasado 22 de mayo<\/strong>&nbsp;<strong>Jorge L\u00f3pez S\u00e1ntiz, ind\u00edgena tseltal y miembro de las Bases de Apoyo del EZLN, fue v\u00edctima de un ataque armado<\/strong>&nbsp;que pone en peligro su vida, ya que recibi\u00f3 un disparo en el lado izquierdo del pecho. La comunidad aut\u00f3noma Mois\u00e9s y Gandhi, est\u00e1 ubicada en el municipio aut\u00f3nomo Lucio Caba\u00f1as (Ocosingo, Chiapas).<\/p>\n\n\n\n<p><strong>Los ataques y desplazamientos de poblaci\u00f3n contin\u00faan en Chiapas,<\/strong>&nbsp;adem\u00e1s, las organizaciones denunciantes se\u00f1alan que desde el gobierno de Carlos Salinas de Gortari hasta la administraci\u00f3n de Andr\u00e9s Manuel L\u00f3pez Obrador, ha habido intentos de aislar, deslegitimar y&nbsp;<strong>exterminar al EZLN.<\/strong><\/p>\n\n\n\n<p>Asimismo,\u00a0<strong>cuestionan el silencio del presidente L\u00f3pez Obrador,<\/strong>\u00a0a pesar de que el pasado 27 de mayo, una base adherida al movimiento zapatista se manifest\u00f3 frente al Palacio Nacional exigiendo al gobierno federal que &#8220;cumpla sus promesas a los pueblos ind\u00edgenas y ponga fin a las agresiones paramilitares en territorio zapatista&#8221;.<\/p>\n\n\n\n<p>Las organizaciones tambi\u00e9n<strong>&nbsp;enfatizan que el ataque de la ORCAO no es un conflicto entre comunidades,&nbsp;<\/strong>como pretende hacerlo ver el presidente L\u00f3pez Obrador.&nbsp;<strong>El conflicto es responsabilidad directa de los gobiernos de Chiapas y el Federal.&nbsp;<\/strong>El primero, por no tomar medidas ante el crecimiento de los grupos criminales que han convertido a Chiapas en un foco rojo de violencia, y el segundo, por guardar silencio y mostrar pasividad ante la evidente situaci\u00f3n en el sureste del pa\u00eds, expresaron las organizaciones en una conferencia de prensa.<\/p>\n\n\n\n<p><strong>Ante esta ola de violencia, las organizaciones adheridas al EZLN est\u00e1n convocando a una marcha<\/strong>&nbsp;que se llevar\u00e1 a cabo el pr\u00f3ximo 8 de junio y que partir\u00e1 del \u00c1ngel de la Independencia hacia la plancha del Z\u00f3calo de la Ciudad de M\u00e9xico. Se prev\u00e9 que varios estados se unan a esta convocatoria en solidaridad al zapatismo y en rechazo a los actos de violencia.<\/p>\n\n\n\n<p><strong>Son 800 organizaciones, colectivos y personalidades que han firmado un comunicado<\/strong>\u00a0en el que solicitan el cese de las agresiones en territorio zapatista, exigen justicia para Jorge L\u00f3pez S\u00e1ntiz, quien result\u00f3 herido.<\/p>\n\n\n\n<p>Finalmente, piden la disoluci\u00f3n de la ORCAO, ya que la violencia en Chiapas ha generado una profunda preocupaci\u00f3n y hacen el llamado a las autoridades a garantizar la seguridad y protecci\u00f3n de las comunidades ind\u00edgenas, as\u00ed como el respeto a sus derechos humanos en la entidad.<\/p>\n\n\n\n<p><a href=\"https:\/\/www.elsoldemexico.com.mx\/republica\/sociedad\/organizaciones-advierten-posible-guerra-civil-en-chiapas-ante-creciente-violencia-10149952.html\">https:\/\/www.elsoldemexico.com.mx\/republica\/sociedad\/organizaciones-advierten-posible-guerra-civil-en-chiapas-ante-creciente-violencia-10149952.html<\/a><\/p>\n","protected":false},"excerpt":{"rendered":"<p>Viernes 02 de junio 2023 Entre las recientes agresiones est\u00e1 la perpetrada en la comunidad&#8230;<\/p>\n","protected":false},"author":3,"featured_media":60237,"comment_status":"closed","ping_status":"closed","sticky":false,"template":"","format":"standard","meta":{"footnotes":""},"categories":[4],"tags":[],"class_list":["post-60236","post","type-post","status-publish","format-standard","has-post-thumbnail","hentry","category-noticias-del-dia"],"_links":{"self":[{"href":"https:\/\/bambapolitica.com.mx\/index.php\/wp-json\/wp\/v2\/posts\/60236","targetHints":{"allow":["GET"]}}],"collection":[{"href":"https:\/\/bambapolitica.com.mx\/index.php\/wp-json\/wp\/v2\/posts"}],"about":[{"href":"https:\/\/bambapolitica.com.mx\/index.php\/wp-json\/wp\/v2\/types\/post"}],"author":[{"embeddable":true,"href":"https:\/\/bambapolitica.com.mx\/index.php\/wp-json\/wp\/v2\/users\/3"}],"replies":[{"embeddable":true,"href":"https:\/\/bambapolitica.com.mx\/index.php\/wp-json\/wp\/v2\/comments?post=60236"}],"version-history":[{"count":1,"href":"https:\/\/bambapolitica.com.mx\/index.php\/wp-json\/wp\/v2\/posts\/60236\/revisions"}],"predecessor-version":[{"id":60238,"href":"https:\/\/bambapolitica.com.mx\/index.php\/wp-json\/wp\/v2\/posts\/60236\/revisions\/60238"}],"wp:featuredmedia":[{"embeddable":true,"href":"https:\/\/bambapolitica.com.mx\/index.php\/wp-json\/wp\/v2\/media\/60237"}],"wp:attachment":[{"href":"https:\/\/bambapolitica.com.mx\/index.php\/wp-json\/wp\/v2\/media?parent=60236"}],"wp:term":[{"taxonomy":"category","embeddable":true,"href":"https:\/\/bambapolitica.com.mx\/index.php\/wp-json\/wp\/v2\/categories?post=60236"},{"taxonomy":"post_tag","embeddable":true,"href":"https:\/\/bambapolitica.com.mx\/index.php\/wp-json\/wp\/v2\/tags?post=60236"}],"curies":[{"name":"wp","href":"https:\/\/api.w.org\/{rel}","templated":true}]}}