{"id":60242,"date":"2023-06-02T12:11:03","date_gmt":"2023-06-02T18:11:03","guid":{"rendered":"http:\/\/bambapolitica.com.mx\/?p=60242"},"modified":"2023-06-02T12:11:05","modified_gmt":"2023-06-02T18:11:05","slug":"eu-evitara-entrometerse-en-elecciones-y-asuntos-de-mexico-porque-puede-salir-mal-asesor-de-biden","status":"publish","type":"post","link":"https:\/\/bambapolitica.com.mx\/index.php\/2023\/06\/02\/eu-evitara-entrometerse-en-elecciones-y-asuntos-de-mexico-porque-puede-salir-mal-asesor-de-biden\/","title":{"rendered":"EU evitar\u00e1 entrometerse en elecciones y asuntos de M\u00e9xico porque \u2018puede salir mal\u2019: Asesor de Biden"},"content":{"rendered":"\n<p>Viernes 02 de junio 2023<\/p>\n\n\n\n<h2 class=\"wp-block-heading\">Juan Gonz\u00e1lez, asesor de Biden, dijo que M\u00e9xico es un caso especial porque siendo vecinos, opinar \u2018puede llevar al resultado opuesto\u2019.<\/h2>\n\n\n\n<p><strong>Juan Gonz\u00e1lez<\/strong>, Asistente Especial del presidente de<a href=\"https:\/\/www.elfinanciero.com.mx\/economia\/2023\/05\/15\/anticipan-impacto-en-mexico-si-eu-no-logra-acuerdo-en-su-deuda\/\" target=\"_blank\" rel=\"noreferrer noopener\">&nbsp;Estados Unidos<\/a>, Joe Biden, reconoci\u00f3 que es complicado opinar sobre temas de M\u00e9xico debido a que hay muchos factores alrededor que se ver\u00edan afectados.<\/p>\n\n\n\n<p>\u201cHay ciertos temas, mientras M\u00e9xico entra a las elecciones, el debate alrededor del Instituto Nacional Electoral (INE) fue visto por nosotros como algo que si nosotros hablamos sobre este tema y tomamos una posici\u00f3n podr\u00eda salir mal\u201d, dijo durante la 26 edici\u00f3n de la Conferencia anual de CAF.<\/p>\n\n\n\n<p>El&nbsp;<strong>dilema<\/strong>&nbsp;en Estados Unidos inicia debido a que consideran que es la sociedad civil la afectada y el impacto \u2018pega\u2019 a migraci\u00f3n, narcotr\u00e1fico, inseguridad, as\u00ed que se convierte en un tema de seguridad nacional.<\/p>\n\n\n\n<p>\u201c<a rel=\"noreferrer noopener\" href=\"https:\/\/www.elfinanciero.com.mx\/nacional\/2023\/05\/24\/ken-salazar-pide-a-mexico-dar-certeza-para-la-llegada-de-mas-empresas-al-pais\/\" target=\"_blank\">M\u00e9xico<\/a>\u00a0es un caso especial porque siendo vecinos y por la historia que tenemos nosotros a veces algo que decimos en p\u00fablico puede llevar al resultado opuesto\u201d, explic\u00f3 Juan Gonz\u00e1lez.<\/p>\n\n\n\n<p>El&nbsp;<strong>gobierno estadounidense&nbsp;<\/strong>analiza c\u00f3mo utilizar las herramientas que tiene a su alcance para proteger a la sociedad civil y periodistas, sin \u2018entrometerse\u2019 demasiado.<\/p>\n\n\n\n<p>\u201cAdem\u00e1s reconociendo que nosotros no vamos a resolver estos debates desde Estados Unidos, pero tenemos un inter\u00e9s fundamental en la estabilidad econ\u00f3mica y seguridad de M\u00e9xico\u201d, agreg\u00f3 Juan Gonz\u00e1lez.<\/p>\n\n\n\n<h2 class=\"wp-block-heading\">EU sobre el combate al fentanilo<\/h2>\n\n\n\n<p>Uno de los&nbsp;<strong>temas centrales<\/strong>&nbsp;entre<a href=\"https:\/\/www.elfinanciero.com.mx\/economia\/2023\/05\/04\/toma-eso-china-mexico-la-desplaza-como-mayor-proveedor-de-mercancias-a-eu\/\" target=\"_blank\" rel=\"noreferrer noopener\">&nbsp;M\u00e9xico y Estados Unidos&nbsp;<\/a>es el combate al fentanilo, y sobre ello el asesor de Joe Biden dijo que la estrategia estadounidense no puede ser la misma que la del combate a la coca\u00edna, por ejemplo.<\/p>\n\n\n\n<p>Con esa droga se eliminaban los plant\u00edos en donde se sembraba, mientras que con el&nbsp;<a href=\"https:\/\/www.elfinanciero.com.mx\/mundo\/2023\/05\/17\/por-que-el-fentanilo-ganara-la-guerra-contra-las-drogas-a-eu-y-a-mexico\/\" target=\"_blank\" rel=\"noreferrer noopener\">fentanilo,<\/a>&nbsp;al ser un narc\u00f3tico distinto de origen qu\u00edmico, el proceso para acabar con su consumo debe cambiar para atacarlo de distinta forma.<\/p>\n\n\n\n<p>\u201cEso requiere un\u00a0<strong>cambio de estrategia<\/strong>\u00a0en donde no es solo atacar el reto de donde viene el tr\u00e1fico, pero tambi\u00e9n en Estados Unidos reducir la demanda, el tr\u00e1fico de armas, enfocarnos en el sector financiero y lo estamos haciendo pero es un cambio que toma tiempo para hacerlo de forma eficaz\u201d, puntualiz\u00f3.<\/p>\n\n\n\n<p><a href=\"https:\/\/www.elfinanciero.com.mx\/nacional\/2023\/06\/02\/eu-evitara-entrometerse-en-elecciones-y-asuntos-de-mexico-porque-puede-salir-mal-asesor-de-biden\/\">https:\/\/www.elfinanciero.com.mx\/nacional\/2023\/06\/02\/eu-evitara-entrometerse-en-elecciones-y-asuntos-de-mexico-porque-puede-salir-mal-asesor-de-biden\/<\/a><\/p>\n","protected":false},"excerpt":{"rendered":"<p>Viernes 02 de junio 2023 Juan Gonz\u00e1lez, asesor de Biden, dijo que M\u00e9xico es un&#8230;<\/p>\n","protected":false},"author":3,"featured_media":60243,"comment_status":"closed","ping_status":"closed","sticky":false,"template":"","format":"standard","meta":{"footnotes":""},"categories":[4],"tags":[],"class_list":["post-60242","post","type-post","status-publish","format-standard","has-post-thumbnail","hentry","category-noticias-del-dia"],"_links":{"self":[{"href":"https:\/\/bambapolitica.com.mx\/index.php\/wp-json\/wp\/v2\/posts\/60242","targetHints":{"allow":["GET"]}}],"collection":[{"href":"https:\/\/bambapolitica.com.mx\/index.php\/wp-json\/wp\/v2\/posts"}],"about":[{"href":"https:\/\/bambapolitica.com.mx\/index.php\/wp-json\/wp\/v2\/types\/post"}],"author":[{"embeddable":true,"href":"https:\/\/bambapolitica.com.mx\/index.php\/wp-json\/wp\/v2\/users\/3"}],"replies":[{"embeddable":true,"href":"https:\/\/bambapolitica.com.mx\/index.php\/wp-json\/wp\/v2\/comments?post=60242"}],"version-history":[{"count":1,"href":"https:\/\/bambapolitica.com.mx\/index.php\/wp-json\/wp\/v2\/posts\/60242\/revisions"}],"predecessor-version":[{"id":60244,"href":"https:\/\/bambapolitica.com.mx\/index.php\/wp-json\/wp\/v2\/posts\/60242\/revisions\/60244"}],"wp:featuredmedia":[{"embeddable":true,"href":"https:\/\/bambapolitica.com.mx\/index.php\/wp-json\/wp\/v2\/media\/60243"}],"wp:attachment":[{"href":"https:\/\/bambapolitica.com.mx\/index.php\/wp-json\/wp\/v2\/media?parent=60242"}],"wp:term":[{"taxonomy":"category","embeddable":true,"href":"https:\/\/bambapolitica.com.mx\/index.php\/wp-json\/wp\/v2\/categories?post=60242"},{"taxonomy":"post_tag","embeddable":true,"href":"https:\/\/bambapolitica.com.mx\/index.php\/wp-json\/wp\/v2\/tags?post=60242"}],"curies":[{"name":"wp","href":"https:\/\/api.w.org\/{rel}","templated":true}]}}