{"id":60252,"date":"2023-06-02T12:16:51","date_gmt":"2023-06-02T18:16:51","guid":{"rendered":"http:\/\/bambapolitica.com.mx\/?p=60252"},"modified":"2023-06-02T12:16:52","modified_gmt":"2023-06-02T18:16:52","slug":"analizan-camaras-de-vigilancia-para-dar-con-sicarios-que-ultimaron-a-duenos-de-licuachelas-dolls-drinks","status":"publish","type":"post","link":"https:\/\/bambapolitica.com.mx\/index.php\/2023\/06\/02\/analizan-camaras-de-vigilancia-para-dar-con-sicarios-que-ultimaron-a-duenos-de-licuachelas-dolls-drinks\/","title":{"rendered":"Analizan c\u00e1maras de vigilancia para dar con sicarios que ultimaron a due\u00f1os de licuachelas &#8220;Dolls Drinks&#8221;"},"content":{"rendered":"\n<p>Viernes 02 de mayo 2023<\/p>\n\n\n\n<h3 class=\"wp-block-heading\">Las v\u00edctimas recientemente hab\u00edan recibido amenazas tras oponerse al pago de &#8220;derecho de piso&#8221;<\/h3>\n\n\n\n<p>Investigadores de la Fiscal\u00eda General de Justicia de la Ciudad de M\u00e9xico&nbsp;<strong>analizan las c\u00e1maras de videogilancia para obtener las im\u00e1genes de los sicarios&nbsp;<\/strong>que ultimaron a Diana Odely &#8220;N&#8221;, de 40 a\u00f1os de edad, quien&nbsp;<strong><a href=\"https:\/\/www.la-prensa.com.mx\/policiaca\/motosicarios-perpetran-doble-crimen-en-gam-sobrina-del-fundador-de-la-union-posible-victima-10152851.html\" target=\"_blank\" rel=\"noreferrer noopener\">fue ejecutada junto a su pareja cuando se encontraba a bordo de una camioneta<\/a><\/strong>&nbsp;en la colonia Arag\u00f3n Inguar\u00e1n, en la alcald\u00eda Gustavo A. Madero.<\/p>\n\n\n\n<p>Las pesquisas se\u00f1alan que la ahora occisa adem\u00e1s de ser\u00a0<strong><a rel=\"noreferrer noopener\" href=\"https:\/\/www.la-prensa.com.mx\/policiaca\/victimas-de-ataque-en-gam-eran-duenos-de-licuachelas-dolls-drinks-en-tepito-10154142.html\" target=\"_blank\">propietaria de las licuachelas &#8220;Dolls Drinks&#8221; de Tepito<\/a><\/strong>, tambi\u00e9n presuntamente era sobrina de Pancho Cayagua, fundador del grupo criminal La Uni\u00f3n.<\/p>\n\n\n\n<p>Diana Odely &#8220;N&#8221; fue asesinada a balazos junto con&nbsp;<strong>Adri\u00e1n &#8220;N&#8221;, alias &#8220;El Pecas&#8221;, de 37 a\u00f1os<\/strong>&nbsp;de edad, en los momentos en que se encontraban a bordo de una camioneta frente a un domicilio ubicado sobre Congreso de la Uni\u00f3n, casi esquina con avenida Talism\u00e1n.<\/p>\n\n\n\n<p>De acuerdo a las investigaciones,&nbsp;<strong>las v\u00edctimas recientemente hab\u00edan recibido amenazas tras oponerse al pago de &#8220;derecho de piso&#8221;,&nbsp;<\/strong>por lo que se presume que esa puede ser la causa del doble crimen.<\/p>\n\n\n\n<p>Al respecto, el vocero de la FGJCDMX, Ulises Lara, dio a conocer que tras el inicio de la carpeta de investigaci\u00f3n, el agente del Ministerio P\u00fablico de la Fiscal\u00eda de Investigaci\u00f3n Especializada del Delito de Homicidio, de la Coordinaci\u00f3n General de Investigaci\u00f3n Estrat\u00e9gica, orden\u00f3 la intervenci\u00f3n de personal de la Coordinaci\u00f3n General de Investigaci\u00f3n Forense y Servicios Periciales.<\/p>\n\n\n\n<p>Expertos en las materias de Criminal\u00edstica de Campo, Fotograf\u00eda y Qu\u00edmica Forense,&nbsp;<strong>acudieron para la b\u00fasqueda y levantamiento de indicios,<\/strong>&nbsp;mientras que el cad\u00e1ver fue trasladado al anfiteatro de la Coordinaci\u00f3n Territorial GAM 6.<\/p>\n\n\n\n<p><img decoding=\"async\" src=\"https:\/\/www.la-prensa.com.mx\/policiaca\/elg960-congreso-union-jose-melton.jpeg\/alternates\/FREE_720\/congreso%20uni%C3%B3n%20JOSE%20MELTON.jpeg\" alt=\"\"><\/p>\n\n\n\n<h4 class=\"wp-block-heading\">Foto Jos\u00e9 Melton | La Prensa<\/h4>\n\n\n\n<p>Adem\u00e1s, agentes de la Polic\u00eda de Investigaci\u00f3n (PDI) realizan trabajos de campo y gabinete, consistentes en la revisi\u00f3n y an\u00e1lisis de c\u00e1maras de videovigilancia disponibles y han llevado a cabo la recopilaci\u00f3n de diversos testimonios que han aportado informaci\u00f3n relevante para el esclarecimiento de los hechos.<\/p>\n\n\n\n<p><a href=\"https:\/\/www.la-prensa.com.mx\/policiaca\/analizan-camaras-de-vigilancia-para-dar-con-sicarios-que-ultimaron-a-duenos-de-licuachelas-dolls-drinks-10158011.html\">https:\/\/www.la-prensa.com.mx\/policiaca\/analizan-camaras-de-vigilancia-para-dar-con-sicarios-que-ultimaron-a-duenos-de-licuachelas-dolls-drinks-10158011.html<\/a><\/p>\n","protected":false},"excerpt":{"rendered":"<p>Viernes 02 de mayo 2023 Las v\u00edctimas recientemente hab\u00edan recibido amenazas tras oponerse al pago&#8230;<\/p>\n","protected":false},"author":3,"featured_media":60253,"comment_status":"closed","ping_status":"closed","sticky":false,"template":"","format":"standard","meta":{"footnotes":""},"categories":[2],"tags":[],"class_list":["post-60252","post","type-post","status-publish","format-standard","has-post-thumbnail","hentry","category-policiaca"],"_links":{"self":[{"href":"https:\/\/bambapolitica.com.mx\/index.php\/wp-json\/wp\/v2\/posts\/60252","targetHints":{"allow":["GET"]}}],"collection":[{"href":"https:\/\/bambapolitica.com.mx\/index.php\/wp-json\/wp\/v2\/posts"}],"about":[{"href":"https:\/\/bambapolitica.com.mx\/index.php\/wp-json\/wp\/v2\/types\/post"}],"author":[{"embeddable":true,"href":"https:\/\/bambapolitica.com.mx\/index.php\/wp-json\/wp\/v2\/users\/3"}],"replies":[{"embeddable":true,"href":"https:\/\/bambapolitica.com.mx\/index.php\/wp-json\/wp\/v2\/comments?post=60252"}],"version-history":[{"count":1,"href":"https:\/\/bambapolitica.com.mx\/index.php\/wp-json\/wp\/v2\/posts\/60252\/revisions"}],"predecessor-version":[{"id":60254,"href":"https:\/\/bambapolitica.com.mx\/index.php\/wp-json\/wp\/v2\/posts\/60252\/revisions\/60254"}],"wp:featuredmedia":[{"embeddable":true,"href":"https:\/\/bambapolitica.com.mx\/index.php\/wp-json\/wp\/v2\/media\/60253"}],"wp:attachment":[{"href":"https:\/\/bambapolitica.com.mx\/index.php\/wp-json\/wp\/v2\/media?parent=60252"}],"wp:term":[{"taxonomy":"category","embeddable":true,"href":"https:\/\/bambapolitica.com.mx\/index.php\/wp-json\/wp\/v2\/categories?post=60252"},{"taxonomy":"post_tag","embeddable":true,"href":"https:\/\/bambapolitica.com.mx\/index.php\/wp-json\/wp\/v2\/tags?post=60252"}],"curies":[{"name":"wp","href":"https:\/\/api.w.org\/{rel}","templated":true}]}}