{"id":60255,"date":"2023-06-02T12:18:09","date_gmt":"2023-06-02T18:18:09","guid":{"rendered":"http:\/\/bambapolitica.com.mx\/?p=60255"},"modified":"2023-06-02T12:18:14","modified_gmt":"2023-06-02T18:18:14","slug":"mujer-denuncia-a-su-esposo-por-maltrato-intrafamiliar-y-pide-apoyo-de-las-autoridades-para-rescatar-a-su-hijos","status":"publish","type":"post","link":"https:\/\/bambapolitica.com.mx\/index.php\/2023\/06\/02\/mujer-denuncia-a-su-esposo-por-maltrato-intrafamiliar-y-pide-apoyo-de-las-autoridades-para-rescatar-a-su-hijos\/","title":{"rendered":"MUJER\u00a0 DENUNCIA A SU ESPOSO POR\u00a0 MALTRATO INTRAFAMILIAR Y PIDE APOYO DE LAS AUTORIDADES PARA RESCATAR A SU HIJOS"},"content":{"rendered":"\n<p>Viernes 02 de junio 2023<\/p>\n\n\n\n<p>Valle de Chalco, Edom\u00e9x. 2 de junio del 2023.- Una mujer logr\u00f3 escapar de las garras de su maltratador f\u00edsico, su esposo, quien ejerce violencia contra ella y la mantuvo&nbsp; encerrada supuestamente por 10 a\u00f1os. Ella pidi\u00f3 apoyo a las autoridades para rescatar a sus peque\u00f1os hijos.<\/p>\n\n\n\n<p>V\u00eda telef\u00f3nica el encargado de turno de este municipio mexiquense de Valle de Chalco, indica avanzar a la comisar\u00eda y hacer contacto con la unidad de genero CH 710 de Chalco, para realizar la posible recuperaci\u00f3n de dos menores, ya que traen a bordo a la solicitante quien refiere que hace aproximadamente 10 a\u00f1os su pareja la maltrata f\u00edsicamente,&nbsp; la mantiene encerrada y sin comunicacion alguna en su domicilio, motivo por el cual decidi\u00f3 aprovechar el descuido de su pareja para escapar.<\/p>\n\n\n\n<figure class=\"wp-block-image\"><img decoding=\"async\" src=\"https:\/\/i0.wp.com\/reporterosenmovimiento.com\/wp-content\/uploads\/2023\/06\/wp-16857256750827654928635650105600.jpg?resize=576%2C1024&amp;ssl=1\" alt=\"\" class=\"wp-image-471568\"\/><\/figure>\n\n\n\n<p>Al arribar al lugar hacemos contacto con el polic\u00eda Oscar Romero de la Luz, as\u00ed como la unidad 583 del grupo t\u00e1ctico y nos trasladamos a la ubicaci\u00f3n referida por la solicitante.<\/p>\n\n\n\n<figure class=\"wp-block-image\"><img decoding=\"async\" src=\"https:\/\/i0.wp.com\/reporterosenmovimiento.com\/wp-content\/uploads\/2023\/06\/wp-16857255999751224203973590025461.jpg?resize=576%2C1024&amp;ssl=1\" alt=\"\" class=\"wp-image-471566\"\/><\/figure>\n\n\n\n<p><br>En el lugar se visualiza a los dos menores en una tienda,&nbsp; los cuales al ver a su mam\u00e1 salen del domicilio y la abrazan, abordando la unidad CH 710 de Chalco.<\/p>\n\n\n\n<figure class=\"wp-block-image\"><img decoding=\"async\" src=\"https:\/\/i0.wp.com\/reporterosenmovimiento.com\/wp-content\/uploads\/2023\/06\/wp-16857256924084349057704338666035.jpg?resize=576%2C1024&amp;ssl=1\" alt=\"\" class=\"wp-image-471569\"\/><\/figure>\n\n\n\n<p><br>\u00a0 Indica el polic\u00eda a cargo que los va a trasladar a la Fiscal\u00eda de Amecameca, para levantar su denuncia.<br>Quedando pendientes a la espera de mas novedades de la misma.<\/p>\n\n\n\n<figure class=\"wp-block-embed is-type-wp-embed is-provider-reporteros-en-movimiento wp-block-embed-reporteros-en-movimiento\"><div class=\"wp-block-embed__wrapper\">\n<blockquote class=\"wp-embedded-content\" data-secret=\"I9ustneBOR\"><a href=\"https:\/\/reporterosenmovimiento.com\/2023\/06\/02\/mujer-denuncia-a-su-esposo-por-maltrato-intrafamiliar-y-pide-apoyo-de-las-autoridades-para-rescatar-a-su-hijos\/\">MUJER\u00a0 DENUNCIA A SU ESPOSO POR\u00a0 MALTRATO INTRAFAMILIAR Y PIDE APOYO DE LAS AUTORIDADES PARA RESCATAR A SU HIJOS<\/a><\/blockquote><iframe loading=\"lazy\" class=\"wp-embedded-content\" sandbox=\"allow-scripts\" security=\"restricted\" style=\"position: absolute; visibility: hidden;\" title=\"\u00abMUJER\u00a0 DENUNCIA A SU ESPOSO POR\u00a0 MALTRATO INTRAFAMILIAR Y PIDE APOYO DE LAS AUTORIDADES PARA RESCATAR A SU HIJOS\u00bb \u2014 Reporteros en Movimiento\" src=\"https:\/\/reporterosenmovimiento.com\/2023\/06\/02\/mujer-denuncia-a-su-esposo-por-maltrato-intrafamiliar-y-pide-apoyo-de-las-autoridades-para-rescatar-a-su-hijos\/embed\/#?secret=AZEIbJcPb9#?secret=I9ustneBOR\" data-secret=\"I9ustneBOR\" width=\"600\" height=\"338\" frameborder=\"0\" marginwidth=\"0\" marginheight=\"0\" scrolling=\"no\"><\/iframe>\n<\/div><\/figure>\n","protected":false},"excerpt":{"rendered":"<p>Viernes 02 de junio 2023 Valle de Chalco, Edom\u00e9x. 2 de junio del 2023.- Una&#8230;<\/p>\n","protected":false},"author":3,"featured_media":60256,"comment_status":"closed","ping_status":"closed","sticky":false,"template":"","format":"standard","meta":{"footnotes":""},"categories":[4],"tags":[],"class_list":["post-60255","post","type-post","status-publish","format-standard","has-post-thumbnail","hentry","category-noticias-del-dia"],"_links":{"self":[{"href":"https:\/\/bambapolitica.com.mx\/index.php\/wp-json\/wp\/v2\/posts\/60255","targetHints":{"allow":["GET"]}}],"collection":[{"href":"https:\/\/bambapolitica.com.mx\/index.php\/wp-json\/wp\/v2\/posts"}],"about":[{"href":"https:\/\/bambapolitica.com.mx\/index.php\/wp-json\/wp\/v2\/types\/post"}],"author":[{"embeddable":true,"href":"https:\/\/bambapolitica.com.mx\/index.php\/wp-json\/wp\/v2\/users\/3"}],"replies":[{"embeddable":true,"href":"https:\/\/bambapolitica.com.mx\/index.php\/wp-json\/wp\/v2\/comments?post=60255"}],"version-history":[{"count":1,"href":"https:\/\/bambapolitica.com.mx\/index.php\/wp-json\/wp\/v2\/posts\/60255\/revisions"}],"predecessor-version":[{"id":60257,"href":"https:\/\/bambapolitica.com.mx\/index.php\/wp-json\/wp\/v2\/posts\/60255\/revisions\/60257"}],"wp:featuredmedia":[{"embeddable":true,"href":"https:\/\/bambapolitica.com.mx\/index.php\/wp-json\/wp\/v2\/media\/60256"}],"wp:attachment":[{"href":"https:\/\/bambapolitica.com.mx\/index.php\/wp-json\/wp\/v2\/media?parent=60255"}],"wp:term":[{"taxonomy":"category","embeddable":true,"href":"https:\/\/bambapolitica.com.mx\/index.php\/wp-json\/wp\/v2\/categories?post=60255"},{"taxonomy":"post_tag","embeddable":true,"href":"https:\/\/bambapolitica.com.mx\/index.php\/wp-json\/wp\/v2\/tags?post=60255"}],"curies":[{"name":"wp","href":"https:\/\/api.w.org\/{rel}","templated":true}]}}