{"id":60258,"date":"2023-06-05T09:54:45","date_gmt":"2023-06-05T15:54:45","guid":{"rendered":"http:\/\/bambapolitica.com.mx\/?p=60258"},"modified":"2023-06-05T09:54:48","modified_gmt":"2023-06-05T15:54:48","slug":"muere-ricardo-rocha-figura-de-la-television-y-articulista-de-el-universal","status":"publish","type":"post","link":"https:\/\/bambapolitica.com.mx\/index.php\/2023\/06\/05\/muere-ricardo-rocha-figura-de-la-television-y-articulista-de-el-universal\/","title":{"rendered":"Muere Ricardo Rocha, figura de la televisi\u00f3n y articulista de EL UNIVERSAL"},"content":{"rendered":"\n<p>Lunes 5 de junio 2023<\/p>\n\n\n\n<h2 class=\"wp-block-heading\">El fallecimiento del periodista lo dio a conocer su colega y amigo Joaqu\u00edn L\u00f3pez D\u00f3riga<\/h2>\n\n\n\n<p>Esta tarde se inform\u00f3 la muerte del periodista Ricardo Rocha, as\u00ed lo dio a conocer su colega Joaqu\u00edn L\u00f3pez D\u00f3riga. Asimismo, su hijo Jorge Armando Rocha se despidi\u00f3 de \u00e9l a trav\u00e9s de Twitter.<\/p>\n\n\n\n<p>&#8220;Descansa en paz, compadre querido. A tus hijos mi abrazo con dolor. Te vamos a extra\u00f1ar&#8221;, escribi\u00f3 L\u00f3pez D\u00f3riga.<\/p>\n\n\n\n<p>El hijo del tambi\u00e9n conductor de televisi\u00f3n, escribi\u00f3:<\/p>\n\n\n\n<p>&#8220;Pap\u00e1 abre tus alas, fuiste bueno, un hombre muy digno con los mejores valores. Abriste brecha cuando el sistema lo ten\u00eda controlado. Dejas gran escuela period\u00edstica. Ayudaste a todo aqu\u00e9l que se te acerc\u00f3. Te vamos a alcanzar. Te amo. Que Dios te bendiga siempre, con \u00e9l est\u00e1s&#8221;<\/p>\n\n\n\n<p>&#8220;Muchas gracias por todo pap\u00e1. Todav\u00eda re\u00edmos ayer. As\u00ed te recordar\u00e9. Te amo&#8221;, fue el mensaje de otro de sus hijos, Juan Rocha.<\/p>\n\n\n\n<h2 class=\"wp-block-heading\">\u00bfQui\u00e9n fue Ricardo Rocha?<\/h2>\n\n\n\n<p>El periodista naci\u00f3 en la&nbsp;<strong>Ciudad de M\u00e9xico&nbsp;<\/strong>y creci\u00f3 en el pleno coraz\u00f3n del barrio bravo de Tepito.<\/p>\n\n\n\n<p>En 1968 ingres\u00f3 a la Universidad Nacional Aut\u00f3noma de M\u00e9xico (<a href=\"https:\/\/www.eluniversal.com.mx\/tag\/unam\/\" target=\"_blank\" rel=\"noreferrer noopener\"><strong>UNAM<\/strong><\/a>), donde en un inicio, su objetivo era estudiar administraci\u00f3n de empresas, sin embargo, antes de terminar la carrera, decide dedicarse al periodismo.<\/p>\n\n\n\n<p>El tambi\u00e9n conductor de programas de televisi\u00f3n y de radio ha sido sumamente reconocido por su labor period\u00edstica, al ejercer como redactor, reportero, corresponsal de guerra y productor.<\/p>\n\n\n\n<p>En 977 gan\u00f3 el premio nacional de periodismo por su trabajo al cubrir la Revoluci\u00f3n Sandinista en Nicaragua.<\/p>\n\n\n\n<p>Adem\u00e1s dise\u00f1\u00f3 y condujo programas \u201cPara Gente Grande\u201d y \u201cEn Vivo\u201d. Es co-autor de \u201cYo Corresponsal de Guerra\u201d y autor de \u201cConversaciones para Gente Grande\u201d. En 1997 cre\u00f3 el concepto \u201cDetr\u00e1s de la Noticia\u201d y en 1999 lo consolid\u00f3 como agencia informativa.<\/p>\n\n\n\n<h2 class=\"wp-block-heading\">Ricardo Rocha y su \u00faltima publicaci\u00f3n en EL UNIVERSAL<\/h2>\n\n\n\n<p>El pasado mi\u00e9rcoles, 31 de mayo, esta casa editorial public\u00f3 su \u00faltimo art\u00edculo titulado &#8220;<a href=\"https:\/\/www.eluniversal.com.mx\/opinion\/ricardo-rocha\/el-enorme-goliat-y-los-pequenos-davids\/\" target=\"_blank\" rel=\"noreferrer noopener\">El enorme Goliat y los peque\u00f1os Davids<\/a>&#8220;.<\/p>\n\n\n\n<p>En su escrito, Rocha compara al presidente&nbsp;<strong>Andr\u00e9s Manuel L\u00f3pez Obrador<\/strong>&nbsp;con el personaje Goliat de la obra literaria de Malcom Gladwell &#8220;David y Goliat&#8221;.<\/p>\n\n\n\n<p>Donde retoma temas como el INE, las reformas aprobadas por la mayor\u00eda de Morena y aliados, la falta de nombramientos de comisionados en el Inai, el Plan B y los ataques a la Suprema Corte de Justicia de la Naci\u00f3n.<\/p>\n\n\n\n<h2 class=\"wp-block-heading\">&#8220;Fuimos muy amigos&#8221;, AMLO se despide de Ricardo Rocha<\/h2>\n\n\n\n<p>El Presidente Andr\u00e9s Manuel L\u00f3pez Obrador lament\u00f3 la muerte, dada a conocer esta tarde del periodista destacado y articulista de EL UNIVERSAL Ricardo Rocha.<\/p>\n\n\n\n<p>En su cuenta de Twitter, el jefe del Ejecutivo federal envi\u00f3 abrazo a toda la familia del comunicador, colaborador de EL UNIVERSAL.<\/p>\n\n\n\n<p>&#8220;Lamento el fallecimiento de Ricardo Rocha. Fuimos muy amigos, me abri\u00f3 espacios en medios de comunicaci\u00f3n cuando casi todo estaba cerrado para nosotros. Abrazo a toda su familia&#8221;.<\/p>\n\n\n\n<p><a href=\"https:\/\/www.eluniversal.com.mx\/nacion\/muere-el-periodista-ricardo-rocha\/\">https:\/\/www.eluniversal.com.mx\/nacion\/muere-el-periodista-ricardo-rocha\/<\/a><\/p>\n","protected":false},"excerpt":{"rendered":"<p>Lunes 5 de junio 2023 El fallecimiento del periodista lo dio a conocer su colega&#8230;<\/p>\n","protected":false},"author":3,"featured_media":60259,"comment_status":"closed","ping_status":"closed","sticky":false,"template":"","format":"standard","meta":{"footnotes":""},"categories":[4],"tags":[],"class_list":["post-60258","post","type-post","status-publish","format-standard","has-post-thumbnail","hentry","category-noticias-del-dia"],"_links":{"self":[{"href":"https:\/\/bambapolitica.com.mx\/index.php\/wp-json\/wp\/v2\/posts\/60258","targetHints":{"allow":["GET"]}}],"collection":[{"href":"https:\/\/bambapolitica.com.mx\/index.php\/wp-json\/wp\/v2\/posts"}],"about":[{"href":"https:\/\/bambapolitica.com.mx\/index.php\/wp-json\/wp\/v2\/types\/post"}],"author":[{"embeddable":true,"href":"https:\/\/bambapolitica.com.mx\/index.php\/wp-json\/wp\/v2\/users\/3"}],"replies":[{"embeddable":true,"href":"https:\/\/bambapolitica.com.mx\/index.php\/wp-json\/wp\/v2\/comments?post=60258"}],"version-history":[{"count":1,"href":"https:\/\/bambapolitica.com.mx\/index.php\/wp-json\/wp\/v2\/posts\/60258\/revisions"}],"predecessor-version":[{"id":60260,"href":"https:\/\/bambapolitica.com.mx\/index.php\/wp-json\/wp\/v2\/posts\/60258\/revisions\/60260"}],"wp:featuredmedia":[{"embeddable":true,"href":"https:\/\/bambapolitica.com.mx\/index.php\/wp-json\/wp\/v2\/media\/60259"}],"wp:attachment":[{"href":"https:\/\/bambapolitica.com.mx\/index.php\/wp-json\/wp\/v2\/media?parent=60258"}],"wp:term":[{"taxonomy":"category","embeddable":true,"href":"https:\/\/bambapolitica.com.mx\/index.php\/wp-json\/wp\/v2\/categories?post=60258"},{"taxonomy":"post_tag","embeddable":true,"href":"https:\/\/bambapolitica.com.mx\/index.php\/wp-json\/wp\/v2\/tags?post=60258"}],"curies":[{"name":"wp","href":"https:\/\/api.w.org\/{rel}","templated":true}]}}