{"id":60264,"date":"2023-06-05T11:36:42","date_gmt":"2023-06-05T17:36:42","guid":{"rendered":"http:\/\/bambapolitica.com.mx\/?p=60264"},"modified":"2023-06-05T11:36:45","modified_gmt":"2023-06-05T17:36:45","slug":"elecciones-2023-cuando-toman-posesion-los-nuevos-gobernadores-de-edomex-y-coahuila","status":"publish","type":"post","link":"https:\/\/bambapolitica.com.mx\/index.php\/2023\/06\/05\/elecciones-2023-cuando-toman-posesion-los-nuevos-gobernadores-de-edomex-y-coahuila\/","title":{"rendered":"Elecciones 2023: \u00bfCu\u00e1ndo toman posesi\u00f3n los nuevos gobernadores de Edomex y Coahuila?"},"content":{"rendered":"\n<p>Lunes 5 de junio 2023<\/p>\n\n\n\n<h2 class=\"wp-block-heading\">De confirmarse su triunfo, los nuevos gobernadores de Coahuila y Edomex deber\u00e1n tomar posesi\u00f3n sel cargo antes del 16 de septiembre de 2023.<\/h2>\n\n\n\n<p>Este&nbsp;<strong>domingo 4 de junio&nbsp;<\/strong>se llevaron a cabo las&nbsp;<a href=\"https:\/\/www.elfinanciero.com.mx\/estados\/2023\/06\/04\/elecciones-2023-aqui-puedes-consultar-los-resultados-preliminares-de-edomex-y-coahuila\/\" target=\"_blank\" rel=\"noreferrer noopener\">elecciones en el Estado de M\u00e9xico y Coahuila<\/a>&nbsp;para elegir al pr\u00f3ximo gobernador y gobernadora de las respectivas entidades.<\/p>\n\n\n\n<p>En el Estado de M\u00e9xico,&nbsp;<a href=\"https:\/\/www.elfinanciero.com.mx\/estados\/2023\/06\/04\/prep-de-edomex-2023-delfina-gomez-lidera-con-el-25-de-actas-capturadas\/\" target=\"_blank\" rel=\"noreferrer noopener\">la maestra Delfina G\u00f3mez,&nbsp;<\/a>de la coalici\u00f3n de Morena, PEMV y PT, encabeza los votos dentro del conteo r\u00e1pido, con un porcentaje de votaci\u00f3n de entre el&nbsp;<strong>52.1 y 54.2 por ciento<\/strong>, se\u00f1al\u00f3 el Instituto Electoral del Estado de M\u00e9xico (IEEM).<\/p>\n\n\n\n<p>Por otra parte, en Coahuila,<a href=\"https:\/\/www.elfinanciero.com.mx\/estados\/2023\/06\/04\/elecciones-coahuila-2023-prep-en-vivo-manolo-jimenez-y-armando-guadiana-resultados-votacion\/\" target=\"_blank\" rel=\"noreferrer noopener\">&nbsp;Manolo J\u00edmenez,<\/a>&nbsp;de la<strong>&nbsp;coalici\u00f3n Va por M\u00e9xico<\/strong>&nbsp;(<strong>PRI_PAN_PRD<\/strong>), lleva la delantera con 56.82 por ciento de votos a su favor, seg\u00fan el Programa de Resultados Electorales Preliminares (PREP) 2023.<\/p>\n\n\n\n<h2 class=\"wp-block-heading\">\u00bfCu\u00e1ndo toman posesi\u00f3n los nuevos gobernadores en Coauila y Edomex?<\/h2>\n\n\n\n<p>De confirarse el triunfo de G\u00f3mez \u00c1lvarez en el Edomex y de Manolo J\u00edmenez, en Coahuila, los nuevos gobernadores\u00a0<strong>deber\u00e1n tomar posesi\u00f3n el pr\u00f3ximo viernes 15 de septiembre<\/strong>\u00a0y comenzar su per\u00edodo constitucional el 16, seg\u00fan el calendario del IEMM.<\/p>\n\n\n\n<h2 class=\"wp-block-heading\">Delfina G\u00f3mez se declara primera gobernadora del Edomex; Manolo J\u00edmenez celebra su triunfo<\/h2>\n\n\n\n<p>Luego del cierre de casillas en el Estado de M\u00e9xico,&nbsp;<a href=\"https:\/\/www.elfinanciero.com.mx\/edomex\/2023\/06\/04\/elecciones-edomex-2023-resultados-encuestas-de-salida-prep-en-vivo\/\" target=\"_blank\" rel=\"noreferrer noopener\">la maestra Delfina G\u00f3mez<\/a>&nbsp;se declar\u00f3&nbsp;<strong>triunfadora&nbsp;<\/strong>de la contienda electoral de este domingo, durante una conferencia de prensa en compa\u00f1\u00eda del l\u00edder nacional de Morena, Mario Delgado.<\/p>\n\n\n\n<p>\u201c<strong>Ser la primera mujer en gobernar este estado es un motivo para celebrar, pero ser la primera gobernadora de Morena en el Estado de M\u00e9xico es una gran noticia para nuestro pueblo<\/strong>; esta es una victoria para las familias trabajadores, de las mujeres que hemos luchado durante a\u00f1os para que nuestros derechos se reconozcan\u201d, celebr\u00f3.<\/p>\n\n\n\n<p>Por otra parte, el&nbsp;<a href=\"https:\/\/www.elfinanciero.com.mx\/estados\/2023\/06\/04\/elecciones-coahuila-2023-prep-reacciones-armando-guadiana-ricardo-mejia-manolo\/\" target=\"_blank\" rel=\"noreferrer noopener\">candidato de la coalici\u00f3n Va por M\u00e9xico, en Coahuila, Manolo J\u00edmenez<\/a>, agradeci\u00f3 a su equipo de campa\u00f1a por el apoyo que recibi\u00f3 y se\u00f1alo que obtuvo el triunfo de las elecciones.<\/p>\n\n\n\n<p>\u201cFuimos m\u00e1s all\u00e1 de una alianza pol\u00edtico partidista, construimos un gran frente ciudadano invencible\u201d, detall\u00f3 en conferencia de prensa.<\/p>\n","protected":false},"excerpt":{"rendered":"<p>Lunes 5 de junio 2023 De confirmarse su triunfo, los nuevos gobernadores de Coahuila y&#8230;<\/p>\n","protected":false},"author":3,"featured_media":60265,"comment_status":"closed","ping_status":"closed","sticky":false,"template":"","format":"standard","meta":{"footnotes":""},"categories":[17,4],"tags":[],"class_list":["post-60264","post","type-post","status-publish","format-standard","has-post-thumbnail","hentry","category-nacional","category-noticias-del-dia"],"_links":{"self":[{"href":"https:\/\/bambapolitica.com.mx\/index.php\/wp-json\/wp\/v2\/posts\/60264","targetHints":{"allow":["GET"]}}],"collection":[{"href":"https:\/\/bambapolitica.com.mx\/index.php\/wp-json\/wp\/v2\/posts"}],"about":[{"href":"https:\/\/bambapolitica.com.mx\/index.php\/wp-json\/wp\/v2\/types\/post"}],"author":[{"embeddable":true,"href":"https:\/\/bambapolitica.com.mx\/index.php\/wp-json\/wp\/v2\/users\/3"}],"replies":[{"embeddable":true,"href":"https:\/\/bambapolitica.com.mx\/index.php\/wp-json\/wp\/v2\/comments?post=60264"}],"version-history":[{"count":1,"href":"https:\/\/bambapolitica.com.mx\/index.php\/wp-json\/wp\/v2\/posts\/60264\/revisions"}],"predecessor-version":[{"id":60266,"href":"https:\/\/bambapolitica.com.mx\/index.php\/wp-json\/wp\/v2\/posts\/60264\/revisions\/60266"}],"wp:featuredmedia":[{"embeddable":true,"href":"https:\/\/bambapolitica.com.mx\/index.php\/wp-json\/wp\/v2\/media\/60265"}],"wp:attachment":[{"href":"https:\/\/bambapolitica.com.mx\/index.php\/wp-json\/wp\/v2\/media?parent=60264"}],"wp:term":[{"taxonomy":"category","embeddable":true,"href":"https:\/\/bambapolitica.com.mx\/index.php\/wp-json\/wp\/v2\/categories?post=60264"},{"taxonomy":"post_tag","embeddable":true,"href":"https:\/\/bambapolitica.com.mx\/index.php\/wp-json\/wp\/v2\/tags?post=60264"}],"curies":[{"name":"wp","href":"https:\/\/api.w.org\/{rel}","templated":true}]}}