{"id":60270,"date":"2023-06-05T11:56:03","date_gmt":"2023-06-05T17:56:03","guid":{"rendered":"http:\/\/bambapolitica.com.mx\/?p=60270"},"modified":"2023-06-05T11:56:05","modified_gmt":"2023-06-05T17:56:05","slug":"ebrard-pospone-presentacion-de-propuesta-para-elegir-al-abanderado-de-morena-para-2024","status":"publish","type":"post","link":"https:\/\/bambapolitica.com.mx\/index.php\/2023\/06\/05\/ebrard-pospone-presentacion-de-propuesta-para-elegir-al-abanderado-de-morena-para-2024\/","title":{"rendered":"Ebrard pospone presentaci\u00f3n de propuesta para elegir al abanderado de Morena para 2024"},"content":{"rendered":"\n<p>Lunes 5 de junio 2023<\/p>\n\n\n\n<h2 class=\"wp-block-heading\">El canciller explic\u00f3 que la dirigencia nacional de Morena le pidi\u00f3 que no lo hiciera este lunes 5 de junio<\/h2>\n\n\n\n<p>El canciller <a rel=\"noreferrer noopener\" href=\"https:\/\/www.eluniversal.com.mx\/tag\/marcelo-ebrard\/\" target=\"_blank\"><strong>Marcelo Ebrard<\/strong><\/a> pospuso la presentaci\u00f3n de su\u00a0<strong>propuesta para la elecci\u00f3n<\/strong>\u00a0de la candidatura a la presidencia, a petici\u00f3n de Morena, por lo que dar\u00e1 a conocerla hasta este martes 6 de junio.<\/p>\n\n\n\n<p>El secretario de Relaciones Exteriores dijo que el<strong>&nbsp;11 de junio<\/strong>&nbsp;se reunir\u00e1 el Consejo Nacional de&nbsp;<a href=\"https:\/\/www.eluniversal.com.mx\/tag\/morena\/\" target=\"_blank\" rel=\"noreferrer noopener\"><strong>Morena<\/strong><\/a>, encabezado por el gobernador sonorense&nbsp;<strong>Alfonso Durazo<\/strong>, para tratar el tema de la&nbsp;<a href=\"https:\/\/www.eluniversal.com.mx\/tag\/elecciones-2024\/\" target=\"_blank\" rel=\"noreferrer noopener\"><strong>candidatura de 2024<\/strong><\/a>.<\/p>\n\n\n\n<p>&#8220;Me ha pedido el partido que no lo haga hoy, entonces lo har\u00e9 ma\u00f1ana por la tarde, como estaba previsto hoy. No tengo inconveniente de hacerlo as\u00ed&#8221;, expres\u00f3.<\/p>\n\n\n\n<p>Ebrard tambi\u00e9n felicit\u00f3 a&nbsp;<a href=\"https:\/\/www.eluniversal.com.mx\/tag\/delfina-gomez\/\" target=\"_blank\" rel=\"noreferrer noopener\"><strong>Delfina G\u00f3mez<\/strong><\/a>&nbsp;por obtener la mayor\u00eda de votos en la&nbsp;<a href=\"https:\/\/www.eluniversal.com.mx\/tag\/elecciones-edomex\/\" target=\"_blank\" rel=\"noreferrer noopener\"><strong>elecci\u00f3n del Estado de M\u00e9xico<\/strong><\/a>.<\/p>\n\n\n\n<p>&#8220;Muy contento con el triunfo de Delfina en el Estado de M\u00e9xico. Felicitaciones a ella y a todo su equipo. Va a ser una gran experiencia la llegada de la Cuarta Transformaci\u00f3n al Estafo de M\u00e9xico despu\u00e9s de casi un siglo, muy significativo, un cambio hist\u00f3rico&#8221;, sostuvo.<\/p>\n\n\n\n<p><a href=\"https:\/\/www.eluniversal.com.mx\/nacion\/ebrard-pospone-presentacion-de-propuesta-para-elegir-al-abanderado-de-morena-para-2024\/\">https:\/\/www.eluniversal.com.mx\/nacion\/ebrard-pospone-presentacion-de-propuesta-para-elegir-al-abanderado-de-morena-para-2024\/<\/a><\/p>\n\n\n\n<p><\/p>\n\n\n\n<p><\/p>\n","protected":false},"excerpt":{"rendered":"<p>Lunes 5 de junio 2023 El canciller explic\u00f3 que la dirigencia nacional de Morena le&#8230;<\/p>\n","protected":false},"author":3,"featured_media":60271,"comment_status":"closed","ping_status":"closed","sticky":false,"template":"","format":"standard","meta":{"footnotes":""},"categories":[4],"tags":[],"class_list":["post-60270","post","type-post","status-publish","format-standard","has-post-thumbnail","hentry","category-noticias-del-dia"],"_links":{"self":[{"href":"https:\/\/bambapolitica.com.mx\/index.php\/wp-json\/wp\/v2\/posts\/60270","targetHints":{"allow":["GET"]}}],"collection":[{"href":"https:\/\/bambapolitica.com.mx\/index.php\/wp-json\/wp\/v2\/posts"}],"about":[{"href":"https:\/\/bambapolitica.com.mx\/index.php\/wp-json\/wp\/v2\/types\/post"}],"author":[{"embeddable":true,"href":"https:\/\/bambapolitica.com.mx\/index.php\/wp-json\/wp\/v2\/users\/3"}],"replies":[{"embeddable":true,"href":"https:\/\/bambapolitica.com.mx\/index.php\/wp-json\/wp\/v2\/comments?post=60270"}],"version-history":[{"count":1,"href":"https:\/\/bambapolitica.com.mx\/index.php\/wp-json\/wp\/v2\/posts\/60270\/revisions"}],"predecessor-version":[{"id":60272,"href":"https:\/\/bambapolitica.com.mx\/index.php\/wp-json\/wp\/v2\/posts\/60270\/revisions\/60272"}],"wp:featuredmedia":[{"embeddable":true,"href":"https:\/\/bambapolitica.com.mx\/index.php\/wp-json\/wp\/v2\/media\/60271"}],"wp:attachment":[{"href":"https:\/\/bambapolitica.com.mx\/index.php\/wp-json\/wp\/v2\/media?parent=60270"}],"wp:term":[{"taxonomy":"category","embeddable":true,"href":"https:\/\/bambapolitica.com.mx\/index.php\/wp-json\/wp\/v2\/categories?post=60270"},{"taxonomy":"post_tag","embeddable":true,"href":"https:\/\/bambapolitica.com.mx\/index.php\/wp-json\/wp\/v2\/tags?post=60270"}],"curies":[{"name":"wp","href":"https:\/\/api.w.org\/{rel}","templated":true}]}}