{"id":60273,"date":"2023-06-05T11:57:51","date_gmt":"2023-06-05T17:57:51","guid":{"rendered":"http:\/\/bambapolitica.com.mx\/?p=60273"},"modified":"2023-06-05T11:57:53","modified_gmt":"2023-06-05T17:57:53","slug":"tres-muertos-dejo-persecucion-y-balacera-que-empezo-en-tlahuac-y-termino-en-iztapalapa","status":"publish","type":"post","link":"https:\/\/bambapolitica.com.mx\/index.php\/2023\/06\/05\/tres-muertos-dejo-persecucion-y-balacera-que-empezo-en-tlahuac-y-termino-en-iztapalapa\/","title":{"rendered":"Tres muertos dej\u00f3 persecuci\u00f3n y balacera que empez\u00f3 en Tl\u00e1huac y termin\u00f3 en Iztapalapa"},"content":{"rendered":"\n<p>Lunes 5 de junio 2023<\/p>\n\n\n\n<h3 class=\"wp-block-heading\">De acuerdo con las primeras investigaciones, la plomiza se dio entre dos bandas criminales que operan en la zona oriente de la Ciudad de M\u00e9xico<\/h3>\n\n\n\n<p>Durante la madrugada de este lunes ocurri\u00f3 una balacera que dej\u00f3 como saldo tres personas sin vida, en la zona oriente de la Ciudad de M\u00e9xico. Hasta el momento se desconoce la identidad de las v\u00edctimas y los presuntos responsables se dieron a la fuga.<\/p>\n\n\n\n<p>De acuerdo con los primeros reportes policiacos, la lluvia de balas dio inicio minutos despu\u00e9s de media noche en calles de la colonia Granjas Cabrera, alcald\u00eda Tl\u00e1huac, donde un sujeto fue asesinado a tiros.<\/p>\n\n\n\n<p>El enfrentamiento y balacera se extendi\u00f3 hasta la colonia La Planta, alcald\u00eda Iztapalapa, donde otras dos personas perdieron la vida tras recibir varios impactos de arma de fuego.<\/p>\n\n\n\n<p><img decoding=\"async\" src=\"https:\/\/www.la-prensa.com.mx\/incoming\/kpxvab-matan-a-tres-en-iztapalapa-dentro-2\/alternates\/FREE_720\/Matan%20a%20tres%20en%20Iztapalapa%20dentro%202\" alt=\"\"><\/p>\n\n\n\n<h4 class=\"wp-block-heading\">Foto: Guillermo Pantoja | La Prensa<\/h4>\n\n\n\n<p>Elementos de la Secretar\u00eda de Seguridad Ciudadana acudi\u00f3 al lugar para acordonar la zona y dar paso a peritos de la Fiscal\u00eda General de Justicia de la Ciudad de M\u00e9xico, quienes constataron de que dos personas se encontraban sin vida en el sitio y una m\u00e1s hab\u00eda fallecido mientras era trasladado al hospital.<\/p>\n\n\n\n<p>Al menos 15 casquillos percutidos fueron encontrados en la zona donde ocurri\u00f3 la balacera. Tras varios minutos los cuerpos fueron levantados y trasladados al Servicio M\u00e9dico Forense de la localidad para continuar con las diligencias correspondientes y que las v\u00edctimas sean identificadas.<\/p>\n\n\n\n<p><img decoding=\"async\" src=\"https:\/\/www.la-prensa.com.mx\/incoming\/cmrit1-matan-a-tres-en-iztapalapa-dentro-1\/alternates\/FREE_720\/Matan%20a%20tres%20en%20Iztapalapa%20dentro%201\" alt=\"\"><\/p>\n\n\n\n<h4 class=\"wp-block-heading\">Foto: Guillermo Pantoja | La Prensa<\/h4>\n\n\n\n<p>Tras estos hechos, la FGJ abri\u00f3 una carpeta de investigaci\u00f3n y abri\u00f3 una carpeta de investigaci\u00f3n para recopilar todas las pruebas existentes que ayuden a dar con el paradero del o los responsables de este triple homicidio. Presuntamente, se trat\u00f3 de un ajuste de cuentas entre bandas criminales generadores de violencia que operan en esta zona.<\/p>\n","protected":false},"excerpt":{"rendered":"<p>Lunes 5 de junio 2023 De acuerdo con las primeras investigaciones, la plomiza se dio&#8230;<\/p>\n","protected":false},"author":3,"featured_media":60274,"comment_status":"closed","ping_status":"closed","sticky":false,"template":"","format":"standard","meta":{"footnotes":""},"categories":[2],"tags":[],"class_list":["post-60273","post","type-post","status-publish","format-standard","has-post-thumbnail","hentry","category-policiaca"],"_links":{"self":[{"href":"https:\/\/bambapolitica.com.mx\/index.php\/wp-json\/wp\/v2\/posts\/60273","targetHints":{"allow":["GET"]}}],"collection":[{"href":"https:\/\/bambapolitica.com.mx\/index.php\/wp-json\/wp\/v2\/posts"}],"about":[{"href":"https:\/\/bambapolitica.com.mx\/index.php\/wp-json\/wp\/v2\/types\/post"}],"author":[{"embeddable":true,"href":"https:\/\/bambapolitica.com.mx\/index.php\/wp-json\/wp\/v2\/users\/3"}],"replies":[{"embeddable":true,"href":"https:\/\/bambapolitica.com.mx\/index.php\/wp-json\/wp\/v2\/comments?post=60273"}],"version-history":[{"count":1,"href":"https:\/\/bambapolitica.com.mx\/index.php\/wp-json\/wp\/v2\/posts\/60273\/revisions"}],"predecessor-version":[{"id":60275,"href":"https:\/\/bambapolitica.com.mx\/index.php\/wp-json\/wp\/v2\/posts\/60273\/revisions\/60275"}],"wp:featuredmedia":[{"embeddable":true,"href":"https:\/\/bambapolitica.com.mx\/index.php\/wp-json\/wp\/v2\/media\/60274"}],"wp:attachment":[{"href":"https:\/\/bambapolitica.com.mx\/index.php\/wp-json\/wp\/v2\/media?parent=60273"}],"wp:term":[{"taxonomy":"category","embeddable":true,"href":"https:\/\/bambapolitica.com.mx\/index.php\/wp-json\/wp\/v2\/categories?post=60273"},{"taxonomy":"post_tag","embeddable":true,"href":"https:\/\/bambapolitica.com.mx\/index.php\/wp-json\/wp\/v2\/tags?post=60273"}],"curies":[{"name":"wp","href":"https:\/\/api.w.org\/{rel}","templated":true}]}}