{"id":60276,"date":"2023-06-05T12:04:07","date_gmt":"2023-06-05T18:04:07","guid":{"rendered":"http:\/\/bambapolitica.com.mx\/?p=60276"},"modified":"2023-06-05T12:04:09","modified_gmt":"2023-06-05T18:04:09","slug":"dejo-el-concierto-de-los-cadillacs-derrama-de-980-mdp-sheinbaum","status":"publish","type":"post","link":"https:\/\/bambapolitica.com.mx\/index.php\/2023\/06\/05\/dejo-el-concierto-de-los-cadillacs-derrama-de-980-mdp-sheinbaum\/","title":{"rendered":"Dej\u00f3 el concierto de los Cadillacs derrama de 980 mdp: Sheinbaum"},"content":{"rendered":"\n<p>Lunes 5 de junio 2023<\/p>\n\n\n\n<p>La jefa de Gobierno, Claudia Sheinbaum Pardo, destac\u00f3 que el concierto de Los Fabulosos Cadillacs en el Z\u00f3calo dej\u00f3 una derrama econ\u00f3mica de 980 millones de pesos, con la presencia de 300 mil personas que, adem\u00e1s, rompieron r\u00e9cord de asistencia.<\/p>\n\n\n\n<p>\u201cVolvimos a hacer historia\u201d, expres\u00f3 en un mensaje en redes sociales, en el que agradeci\u00f3 al grupo de m\u00fasicos argentinos, pues a decir de la mandataria, se vivi\u00f3 un Z\u00f3calo libre y democr\u00e1tico.<\/p>\n\n\n\n<p>Resalt\u00f3 el ambiente festivo que se vivi\u00f3 durante el concierto, en el que hubo saldo blanco ante el buen comportamiento de los asistentes.<\/p>\n\n\n\n<p>A su vez, la Secretar\u00eda de Desarrollo Econ\u00f3mico (Sedeco) detall\u00f3 que la derrama econ\u00f3mica benefici\u00f3 principalmente a los sectores tur\u00edstico, gastron\u00f3mico, de transporte y comercio al por menor, as\u00ed como a la industria hotelera.<\/p>\n\n\n\n<p>El impacto econ\u00f3mico \u2013a\u00f1adi\u00f3\u2013 favoreci\u00f3 a por lo menos 25 mil establecimientos ubicados mayoritariamente en el primer cuadro de la ciudad y calles aleda\u00f1as, adem\u00e1s de beneficiar a un aproximado de 75 mil trabajadores.<\/p>\n\n\n\n<p>Por otra parte, la mandataria hizo un recorrido por la l\u00ednea 1 del Metro, donde se realizan trabajos de renovaci\u00f3n, para supervisar las pruebas de funcionamiento del sistema de red LTE (Long Term Evolution), con la cual se facilitar\u00e1 la comunicaci\u00f3n de todos los sistemas de seguridad y se\u00f1alizaci\u00f3n de cada tren con v\u00edas y estaciones.<\/p>\n\n\n\n<p>El director de Proyectos de la Empresa CRRC, \u00d3scar Delgado Gir\u00f3n, coment\u00f3 que este domingo se iniciaron las pruebas finales de funcionamiento del sistema, que permitir\u00e1 un control seguro y eficiente de los equipos de maniobra instalados en cada tren.<\/p>\n\n\n\n<p>\u201cLa red de comunicaci\u00f3n se va a utilizar a lo largo del t\u00fanel de toda la l\u00ednea para poder tener comunicaci\u00f3n de todos los sistemas de seguridad y se\u00f1alizaci\u00f3n del tren con la v\u00eda y con las estaciones, de tal manera que se pueda controlar de manera segura y eficiente toda la operaci\u00f3n y toda la maniobrabilidad de los equipos del mismo tren que se est\u00e1n actualizando\u201d, mencion\u00f3.<\/p>\n\n\n\n<p>En tanto, el proveedor del sistema LTE de la empresa Huawei, Jonathan Jim\u00e9nez Valdez, indic\u00f3 que las pruebas consisten en la descarga de archivos con informaci\u00f3n sobre el funcionamiento de los equipos de maniobra de los trenes y su interacci\u00f3n con las v\u00edas y se\u00f1alizaciones.<\/p>\n\n\n\n<p>\u201cEntonces, eso es lo que vamos a estar comprobando: potencia, cantidad de ruido y la calidad que est\u00e1 teniendo la red a nivel general\u201d, dijo.<\/p>\n\n\n\n<figure class=\"wp-block-embed\"><div class=\"wp-block-embed__wrapper\">\nhttps:\/\/www.jornada.com.mx\/notas\/2023\/06\/05\/capital\/dejo-el-concierto-de-los-cadillacs-derrama-de-980-mdp-sheinbaum\/?from=page&#038;block=capital&#038;opt=articlelink\n<\/div><\/figure>\n","protected":false},"excerpt":{"rendered":"<p>Lunes 5 de junio 2023 La jefa de Gobierno, Claudia Sheinbaum Pardo, destac\u00f3 que el&#8230;<\/p>\n","protected":false},"author":3,"featured_media":60277,"comment_status":"closed","ping_status":"closed","sticky":false,"template":"","format":"standard","meta":{"footnotes":""},"categories":[4],"tags":[],"class_list":["post-60276","post","type-post","status-publish","format-standard","has-post-thumbnail","hentry","category-noticias-del-dia"],"_links":{"self":[{"href":"https:\/\/bambapolitica.com.mx\/index.php\/wp-json\/wp\/v2\/posts\/60276","targetHints":{"allow":["GET"]}}],"collection":[{"href":"https:\/\/bambapolitica.com.mx\/index.php\/wp-json\/wp\/v2\/posts"}],"about":[{"href":"https:\/\/bambapolitica.com.mx\/index.php\/wp-json\/wp\/v2\/types\/post"}],"author":[{"embeddable":true,"href":"https:\/\/bambapolitica.com.mx\/index.php\/wp-json\/wp\/v2\/users\/3"}],"replies":[{"embeddable":true,"href":"https:\/\/bambapolitica.com.mx\/index.php\/wp-json\/wp\/v2\/comments?post=60276"}],"version-history":[{"count":1,"href":"https:\/\/bambapolitica.com.mx\/index.php\/wp-json\/wp\/v2\/posts\/60276\/revisions"}],"predecessor-version":[{"id":60278,"href":"https:\/\/bambapolitica.com.mx\/index.php\/wp-json\/wp\/v2\/posts\/60276\/revisions\/60278"}],"wp:featuredmedia":[{"embeddable":true,"href":"https:\/\/bambapolitica.com.mx\/index.php\/wp-json\/wp\/v2\/media\/60277"}],"wp:attachment":[{"href":"https:\/\/bambapolitica.com.mx\/index.php\/wp-json\/wp\/v2\/media?parent=60276"}],"wp:term":[{"taxonomy":"category","embeddable":true,"href":"https:\/\/bambapolitica.com.mx\/index.php\/wp-json\/wp\/v2\/categories?post=60276"},{"taxonomy":"post_tag","embeddable":true,"href":"https:\/\/bambapolitica.com.mx\/index.php\/wp-json\/wp\/v2\/tags?post=60276"}],"curies":[{"name":"wp","href":"https:\/\/api.w.org\/{rel}","templated":true}]}}