{"id":60282,"date":"2023-06-05T12:07:34","date_gmt":"2023-06-05T18:07:34","guid":{"rendered":"http:\/\/bambapolitica.com.mx\/?p=60282"},"modified":"2023-06-05T12:07:37","modified_gmt":"2023-06-05T18:07:37","slug":"opinion-entonces-alfredo-del-mazo-negocio-la-gubernatura-para-protegerse","status":"publish","type":"post","link":"https:\/\/bambapolitica.com.mx\/index.php\/2023\/06\/05\/opinion-entonces-alfredo-del-mazo-negocio-la-gubernatura-para-protegerse\/","title":{"rendered":"OPINI\u00d3N: ENTONCES ALFREDO DEL MAZO NEGOCI\u00d3 LA GUBERNATURA PARA PROTEGERSE?"},"content":{"rendered":"\n<p>Lunes 5 de mayo 2023<\/p>\n\n\n\n<p>Por. Raymundo Medell\u00edn<\/p>\n\n\n\n<p>5 de junio de 2021.<\/p>\n\n\n\n<p>Dice un refr\u00e1n que no hay m\u00e1s ciego que el que no quiere ver, ni m\u00e1s sordo que el que no quiere o\u00edr, esto porque lo sucedido ayer no deb\u00eda extra\u00f1ar a los priistas, ya que desde que se conoci\u00f3 la noticia de Alfredo Del Mazo Maza y sus cuentas en Andorra, el mandatario mexiquense decidi\u00f3 proteger sus cuentas, su persona sin importar la entrega del gobierno del Estado de M\u00e9xico y tambi\u00e9n, por qu\u00e9 no decirlo, de pasar sobre la militancia priista que se entreg\u00f3 en cuerpo y alma a la campa\u00f1a de una candidata que \u00e9l eligi\u00f3 para que perdiera, Alejandra del Moral Vela.<\/p>\n\n\n\n<p><br>Solamente falta esperar un poco, para ver qu\u00e9 embajada le da el gobierno que encabeza Andr\u00e9s Manuel L\u00f3pez Obrador, o si se integra al gabinete de Claudia Sheinbaum, como Del Mazo lo ha hecho p\u00fablico.<br>En este mismo espacio dimos detalles de la entrega de Alfredo del Mazo a los deseos de la 4T, pero el pasado 17 de mayo del a\u00f1o en curso, el portal \u201cSin embargo\u201d public\u00f3 el art\u00edculo de Mart\u00edn Moreno Dur\u00e1n cuya cabeza dec\u00eda: Del Mazo traiciona: pide apoyen a Delfina y en una cabeza secundaria afirmaba: \u201cLa traici\u00f3n de Alfredo del Mazo en contra del PRI, el partido al que su abuelo y su padre y su estirpe le deben todo, incluida la enorme riqueza de la que gozan, es innegable\u201d.<br>Luego en los cuatro primeros p\u00e1rrafos del citado texto habla de una reuni\u00f3n habida, afirm\u00f3 Mart\u00edn Moreno: \u201cConvertido en el jefe de campa\u00f1a de la iletrada Delfina G\u00f3mez, el Gobernador priista (\u00bf?) Alfredo del Mazo convoc\u00f3 hace algunos d\u00edas a los operadores m\u00e1s importantes de la campa\u00f1a de Alejandra del Moral, candidata de la alianza Va Por M\u00e9xico a la gubernatura mexiquense. La instrucci\u00f3n que les dio fue la siguiente:<br>\u201c-Hagan que su gente trabaje a favor de Delfina. Es lo mejor para todos nosotros\u2026\u201d<br>\u201cLos operadores asistentes a esta reuni\u00f3n \u2013 sobre la cual esta columna tuvo registro y detalles-, son considerados las cabezas de los municipios claves del Estado de M\u00e9xico. Algunos asimilaron la propuesta -indecorosa e indigna-, por parte del a\u00fan Gobernador. Otros, de plano, la rechazaron, repudiando el entreguismo de Del Mazo para con AMLO, Delfina y Morena, a cambio, seguramente, de alguna posici\u00f3n pol\u00edtica o protecci\u00f3n judicial para con su cuantioso patrimonio\u201d.<br>\u201c-Les vamos a dar todos los recursos que necesiten. Hagan que su gente, igual que ustedes, trabajen a favor de Delfina\u2026-, fue parte del mensaje de Del Mazo a operadores priistas de la campa\u00f1a de la candidata de la alianza Va Por M\u00e9xico\u201d.<br>Posteriormente Del Mazo se refiere a Alejandra del Moral, de acuerdo al texto de Mart\u00edn Moreno se dijo: \u201cLleg\u00f3 hasta el insulto personal en contra de Alejandra del Moral, a quien, de acuerdo a la versi\u00f3n de asistentes a la reuni\u00f3n privada, calific\u00f3 de \u201cni\u00f1a tonta\u201d.<br>\u201c-Trabajen a favor de Delfina sin que se d\u00e9 cuenta la ni\u00f1a tonta\u2026-, solt\u00f3 Del Mazo a los operadores de la campa\u00f1a aliancista, refiri\u00e9ndose a Del Moral\u201d.<br>Ese es el todav\u00eda gobernador mexiquense.<br>La elecci\u00f3n del 4 de junio deja una ense\u00f1anza; se demostr\u00f3 que el INE, en este caso mediante el IEEM, es una instituci\u00f3n que realiz\u00f3 una jornada ejemplar y que por ello no debe tocarse, permanece como basti\u00f3n democr\u00e1tico todav\u00eda\u2026 en cuanto a Alfredo del Mazo no pasar\u00e1 mucho tiempo en que lo veamos en las filas de la 4T.<br>Al tiempo.<\/p>\n\n\n\n<figure class=\"wp-block-embed is-type-wp-embed is-provider-reporteros-en-movimiento wp-block-embed-reporteros-en-movimiento\"><div class=\"wp-block-embed__wrapper\">\n<blockquote class=\"wp-embedded-content\" data-secret=\"VWriCoUSxN\"><a href=\"https:\/\/reporterosenmovimiento.com\/2023\/06\/05\/opinion-entonces-alfredo-del-mazo-negocio-la-gubernatura-para-protegerse\/\">OPINI\u00d3N: ENTONCES ALFREDO DEL MAZO NEGOCI\u00d3 LA GUBERNATURA PARA PROTEGERSE?<\/a><\/blockquote><iframe loading=\"lazy\" class=\"wp-embedded-content\" sandbox=\"allow-scripts\" security=\"restricted\" style=\"position: absolute; visibility: hidden;\" title=\"\u00abOPINI\u00d3N: ENTONCES ALFREDO DEL MAZO NEGOCI\u00d3 LA GUBERNATURA PARA PROTEGERSE?\u00bb \u2014 Reporteros en Movimiento\" src=\"https:\/\/reporterosenmovimiento.com\/2023\/06\/05\/opinion-entonces-alfredo-del-mazo-negocio-la-gubernatura-para-protegerse\/embed\/#?secret=iVpXrdjYOT#?secret=VWriCoUSxN\" data-secret=\"VWriCoUSxN\" width=\"600\" height=\"338\" frameborder=\"0\" marginwidth=\"0\" marginheight=\"0\" scrolling=\"no\"><\/iframe>\n<\/div><\/figure>\n","protected":false},"excerpt":{"rendered":"<p>Lunes 5 de mayo 2023 Por. Raymundo Medell\u00edn 5 de junio de 2021. Dice un&#8230;<\/p>\n","protected":false},"author":3,"featured_media":60283,"comment_status":"closed","ping_status":"closed","sticky":false,"template":"","format":"standard","meta":{"footnotes":""},"categories":[4,15],"tags":[],"class_list":["post-60282","post","type-post","status-publish","format-standard","has-post-thumbnail","hentry","category-noticias-del-dia","category-opinion"],"_links":{"self":[{"href":"https:\/\/bambapolitica.com.mx\/index.php\/wp-json\/wp\/v2\/posts\/60282","targetHints":{"allow":["GET"]}}],"collection":[{"href":"https:\/\/bambapolitica.com.mx\/index.php\/wp-json\/wp\/v2\/posts"}],"about":[{"href":"https:\/\/bambapolitica.com.mx\/index.php\/wp-json\/wp\/v2\/types\/post"}],"author":[{"embeddable":true,"href":"https:\/\/bambapolitica.com.mx\/index.php\/wp-json\/wp\/v2\/users\/3"}],"replies":[{"embeddable":true,"href":"https:\/\/bambapolitica.com.mx\/index.php\/wp-json\/wp\/v2\/comments?post=60282"}],"version-history":[{"count":1,"href":"https:\/\/bambapolitica.com.mx\/index.php\/wp-json\/wp\/v2\/posts\/60282\/revisions"}],"predecessor-version":[{"id":60284,"href":"https:\/\/bambapolitica.com.mx\/index.php\/wp-json\/wp\/v2\/posts\/60282\/revisions\/60284"}],"wp:featuredmedia":[{"embeddable":true,"href":"https:\/\/bambapolitica.com.mx\/index.php\/wp-json\/wp\/v2\/media\/60283"}],"wp:attachment":[{"href":"https:\/\/bambapolitica.com.mx\/index.php\/wp-json\/wp\/v2\/media?parent=60282"}],"wp:term":[{"taxonomy":"category","embeddable":true,"href":"https:\/\/bambapolitica.com.mx\/index.php\/wp-json\/wp\/v2\/categories?post=60282"},{"taxonomy":"post_tag","embeddable":true,"href":"https:\/\/bambapolitica.com.mx\/index.php\/wp-json\/wp\/v2\/tags?post=60282"}],"curies":[{"name":"wp","href":"https:\/\/api.w.org\/{rel}","templated":true}]}}