{"id":60285,"date":"2023-06-05T12:09:57","date_gmt":"2023-06-05T18:09:57","guid":{"rendered":"http:\/\/bambapolitica.com.mx\/?p=60285"},"modified":"2023-06-05T12:09:58","modified_gmt":"2023-06-05T18:09:58","slug":"amlo-felicita-a-delfina-gomez-y-a-manolo-jimenez-como-nuevos-gobernadores-de-edomex-y-coahuila","status":"publish","type":"post","link":"https:\/\/bambapolitica.com.mx\/index.php\/2023\/06\/05\/amlo-felicita-a-delfina-gomez-y-a-manolo-jimenez-como-nuevos-gobernadores-de-edomex-y-coahuila\/","title":{"rendered":"AMLO felicita a Delfina G\u00f3mez y a Manolo Jim\u00e9nez como nuevos gobernadores de Edomex y Coahuila"},"content":{"rendered":"\n<p>Lunes 5 de junio 2023<\/p>\n\n\n\n<p>El presidente tambi\u00e9n felicit\u00f3 a la ciudadan\u00eda que sali\u00f3 a votar este domingo para renovar las gubernaturas de ambas entidades<\/p>\n\n\n\n<p><strong>El presidente Andr\u00e9s Manuel L\u00f3pez Obrador&nbsp;<\/strong>felicit\u00f3 este lunes durante su conferencia ma\u00f1anera a&nbsp;<strong><a href=\"https:\/\/www.elsoldemexico.com.mx\/mexico\/politica\/elecciones-2023-asi-avanza-el-prep-para-elegir-gobernador-en-edomex-y-coahuila-10170782.html\" target=\"_blank\" rel=\"noreferrer noopener\">Delfina G\u00f3mez y Manolo Jim\u00e9nez<\/a>&nbsp;<\/strong>como&nbsp;<strong>virtuales gobernadores del Estado de M\u00e9xico y Coahuila&nbsp;<\/strong>y adelant\u00f3 que se reunir\u00e1 con ellos posteriormente para refrendarles sus apoyo para seguro trabajando por el bien de sus entidades.<\/p>\n\n\n\n<p>\u201cMe dio mucho gusto y lo celebro y voy a hablar con los que triunfaron, en su momento, voy a hablar con ellos para reunirnos y decirles que van a continuar recibiendo todo nuestro apoyo y esa es nuestra obligaci\u00f3n hacerlo y si estuvo bien la elecci\u00f3n\u201d, dijo el presidente desde Palacio Nacional.<\/p>\n\n\n\n<p>Asimismo,\u00a0<strong>felicit\u00f3 a la ciudadan\u00eda que sali\u00f3 a votar este domingo<\/strong>\u00a0para renovar las gubernaturas de ambas entidades: \u201cFelicitar a la gente que particip\u00f3 ayer, a los ciudadanos en el Estado de M\u00e9xico y en Coahuila por que ejercieron su derecho a elegir libremente a sus autoridades, b\u00e1sicamente dos gobernaturas. No hubo problemas mayores. La gente particip\u00f3 y no hubo protestas postelectorales, aunque todav\u00eda pueden presentarse legalmente\u201d, indic\u00f3<\/p>\n\n\n\n<p>Elogi\u00f3 que los dos casos, los adversarios salieron a reconocer a quien tuvo mas votos.<\/p>\n\n\n\n<p>El presidente dijo que estuvo reflexionando sob<strong>re la composici\u00f3n pol\u00edtica en los estados y de los partidos a nivel nacional qu\u00e9 hay,<\/strong>&nbsp;mencion\u00f3 al respecto que su partido, Morena, tiene con el triunfo de la maestra Delfina G\u00f3mez: 22 estados y, el Partido Verde tiene 1; MC tiene 2; el PRI tiene 2 y, el PAN 5 y refrendo su compromiso para apoyar a los gobernadores que no pertenecen a su Movimiento.<\/p>\n\n\n\n<p>\u201cPero los que no pertenecen al movimiento que me apoy\u00f3 para estar aqu\u00ed, tienen todos los derechos y van a seguir siendo atendidos, por que, repito, no tiene que haber distinciones. Nosotros padecemos mucho cuando fuimos opositores, sobre todo la gente. De qu\u00e9 si se estaba en un partido no les daban despensas, llegaban los programas y ellos no los tomaban en cuenta, eso ya se termin\u00f3, nosotros, todos los programas de bienestar son universales\u201d, asegur\u00f3.<\/p>\n\n\n\n<p>\u201cNosotros tenemos buenas relaciones con todos los gobernadores y estamos trabajando con todos y aqu\u00ed est\u00e1 el ejemplo, dijo el presidente, al referirse a la presencia del gobernador de Yucat\u00e1n Mauricio Vila Dosal.<\/p>\n\n\n\n<p>Al preguntarle por la sucesi\u00f3n presidencial, L\u00f3pez Obrsdor dijo que lo importante es afianzar la democracia como forma de vida.<\/p>\n\n\n\n<h4 class=\"wp-block-heading\">\u201cDec\u00eda yo como va a haber democracia cuando el gobierno est\u00e1 nada m\u00e1s al servicio de un grupo\u201d, mientras aprovecho para arremeter en contra de la Prensa y acus\u00f3 qu\u00e9 no hay medios de informaci\u00f3n sino de manipulaci\u00f3n\u201d.<\/h4>\n\n\n\n<p>De igual forma,&nbsp;<strong>llam\u00f3 a que los medios de comunicaci\u00f3n no quieran posicionarse como independientes.&nbsp;<\/strong>Acus\u00f3 que el bloque conservador lo conforman no solo pol\u00edticos, sino medios de informaci\u00f3n e intelectuales.<\/p>\n\n\n\n<p>Subray\u00f3 que&nbsp;<strong>si se quiere democracia se tiene que desterrar la calumnia en los medios,&nbsp;<\/strong>as\u00ed como \u201clos pactos de las c\u00fapulas econ\u00f3micas con partidos pol\u00edticos, la entrega de dinero de la oligarqu\u00eda a candidatos, el que se reciba dinero del extranjero y desde luego desterrar la compra del voto, la intimidaci\u00f3n y el uso del presupuesto p\u00fablico para favorecer a candidatos y partidos, el acarreo, la falsificaci\u00f3n de las actas, el relleno de las urnas, el que votan los muertos, el dedazo, el tapado, la imposici\u00f3n, barrer con todo eso, acabar con todo eso y, eso aplica para todos y para los partidos en la selecci\u00f3n de sus candidatos. No es que yo voy a poner al candidato de Morena, no\u201d, sentenci\u00f3.<\/p>\n\n\n\n<p>\u201cNo va a haber dedazo, va a ser la gente. Pero van a ser los ciudadanos los que van a decidir y hay todav\u00eda quienes no lo creen, \u2018no no no, a la mera hora t\u00fa vas a inclinar o balanza\u2019, no. O \u2018estamos esperando una se\u00f1al\u2019, te vas a quedar esperando primo hermano\u201d, dijo el presidente.<\/p>\n\n\n\n<p>Finalmente, asegur\u00f3 que averg\u00fcenza que un gobierno compre publicidad a los medios y estos \u201chacen su agosto\u201d en las campa\u00f1as. Por lo que afirm\u00f3 que cada d\u00eda va a costar m\u00e1s que consigan m\u00e1s publicidad.<\/p>\n\n\n\n<p><a href=\"https:\/\/www.elsoldemexico.com.mx\/mexico\/politica\/amlo-felicita-a-delfina-gomez-y-a-manolo-jimenez-como-nuevos-gobernadores-de-edomex-y-coahuila-10172298.html\">https:\/\/www.elsoldemexico.com.mx\/mexico\/politica\/amlo-felicita-a-delfina-gomez-y-a-manolo-jimenez-como-nuevos-gobernadores-de-edomex-y-coahuila-10172298.html<\/a><\/p>\n","protected":false},"excerpt":{"rendered":"<p>Lunes 5 de junio 2023 El presidente tambi\u00e9n felicit\u00f3 a la ciudadan\u00eda que sali\u00f3 a&#8230;<\/p>\n","protected":false},"author":3,"featured_media":60286,"comment_status":"closed","ping_status":"closed","sticky":false,"template":"","format":"standard","meta":{"footnotes":""},"categories":[4],"tags":[],"class_list":["post-60285","post","type-post","status-publish","format-standard","has-post-thumbnail","hentry","category-noticias-del-dia"],"_links":{"self":[{"href":"https:\/\/bambapolitica.com.mx\/index.php\/wp-json\/wp\/v2\/posts\/60285","targetHints":{"allow":["GET"]}}],"collection":[{"href":"https:\/\/bambapolitica.com.mx\/index.php\/wp-json\/wp\/v2\/posts"}],"about":[{"href":"https:\/\/bambapolitica.com.mx\/index.php\/wp-json\/wp\/v2\/types\/post"}],"author":[{"embeddable":true,"href":"https:\/\/bambapolitica.com.mx\/index.php\/wp-json\/wp\/v2\/users\/3"}],"replies":[{"embeddable":true,"href":"https:\/\/bambapolitica.com.mx\/index.php\/wp-json\/wp\/v2\/comments?post=60285"}],"version-history":[{"count":1,"href":"https:\/\/bambapolitica.com.mx\/index.php\/wp-json\/wp\/v2\/posts\/60285\/revisions"}],"predecessor-version":[{"id":60287,"href":"https:\/\/bambapolitica.com.mx\/index.php\/wp-json\/wp\/v2\/posts\/60285\/revisions\/60287"}],"wp:featuredmedia":[{"embeddable":true,"href":"https:\/\/bambapolitica.com.mx\/index.php\/wp-json\/wp\/v2\/media\/60286"}],"wp:attachment":[{"href":"https:\/\/bambapolitica.com.mx\/index.php\/wp-json\/wp\/v2\/media?parent=60285"}],"wp:term":[{"taxonomy":"category","embeddable":true,"href":"https:\/\/bambapolitica.com.mx\/index.php\/wp-json\/wp\/v2\/categories?post=60285"},{"taxonomy":"post_tag","embeddable":true,"href":"https:\/\/bambapolitica.com.mx\/index.php\/wp-json\/wp\/v2\/tags?post=60285"}],"curies":[{"name":"wp","href":"https:\/\/api.w.org\/{rel}","templated":true}]}}