{"id":60803,"date":"2023-06-23T11:43:44","date_gmt":"2023-06-23T17:43:44","guid":{"rendered":"http:\/\/bambapolitica.com.mx\/?p=60803"},"modified":"2023-06-23T11:43:50","modified_gmt":"2023-06-23T17:43:50","slug":"amlo-reconoce-que-remesas-son-la-principal-fuente-de-ingresos-del-pais","status":"publish","type":"post","link":"https:\/\/bambapolitica.com.mx\/index.php\/2023\/06\/23\/amlo-reconoce-que-remesas-son-la-principal-fuente-de-ingresos-del-pais\/","title":{"rendered":"AMLO reconoce que remesas son la principal fuente de ingresos del pa\u00eds"},"content":{"rendered":"\n<p>Viernes 23 de junio 2023<\/p>\n\n\n\n<h2 class=\"wp-block-heading\">El presidente Andr\u00e9s Manuel L\u00f3pez Obrador destac\u00f3 que los programas sociales est\u00e1n \u201cbastante blindados\u201d y ser\u00e1 muy dif\u00edcil que sus adversarios den marcha atr\u00e1s<\/h2>\n\n\n\n<p>El\u00a0<strong>presidente\u00a0<\/strong><a rel=\"noreferrer noopener\" href=\"https:\/\/www.eluniversal.com.mx\/tag\/amlo\/\" target=\"_blank\"><strong>Andr\u00e9s Manuel L\u00f3pez Obrador<\/strong><\/a>\u00a0reconoci\u00f3 que las\u00a0<a rel=\"noreferrer noopener\" href=\"https:\/\/www.eluniversal.com.mx\/tag\/remesas\/\" target=\"_blank\"><strong>remesas<\/strong><\/a>que env\u00edan los\u00a0<strong>connacionales<\/strong>\u00a0a M\u00e9xico son la<strong>\u00a0principal fuente de ingresos<\/strong>\u00a0del pa\u00eds.<\/p>\n\n\n\n<p>\u201cAprovecho para agradecerles a nuestros paisanos, porqu\u00e9 si los programas del Bienestar, este a\u00f1o est\u00e1n destinando 600 mil millones de pesos, es hist\u00f3rico, pero saben cu\u00e1nto se reciben de remesas un bill\u00f3n, es mucho lo que nosotros apoyamos, pero nos quedamos corto, las remesas son las principales fuentes de ingresos del pa\u00eds\u201d.<\/p>\n\n\n\n<p>En conferencia, en las instalaciones de la VII Regi\u00f3n Militar, el Jefe del Ejecutivo destac\u00f3 que los programas sociales est\u00e1n \u201cbastante blindados\u201d y ser\u00e1 muy dif\u00edcil que sus adversarios den marcha atr\u00e1s.<\/p>\n\n\n\n<p>\u201cSe ha ido avanzando no creo que puedan dar marcha atr\u00e1s, en el peor de los casos tendr\u00edan mayor\u00eda simple, toc\u00f3 madera, pero no mayor\u00eda calificada. Yo espero que el movimiento progresista sea el que tenga mayor\u00eda calificada y se legisle en favor de los ciudadanos\u201d.<\/p>\n\n\n\n<p><a href=\"https:\/\/www.eluniversal.com.mx\/nacion\/amlo-reconoce-que-remesas-son-la-principal-fuente-de-ingresos-del-pais\/\">https:\/\/www.eluniversal.com.mx\/nacion\/amlo-reconoce-que-remesas-son-la-principal-fuente-de-ingresos-del-pais\/<\/a><\/p>\n","protected":false},"excerpt":{"rendered":"<p>Viernes 23 de junio 2023 El presidente Andr\u00e9s Manuel L\u00f3pez Obrador destac\u00f3 que los programas&#8230;<\/p>\n","protected":false},"author":3,"featured_media":0,"comment_status":"closed","ping_status":"closed","sticky":false,"template":"","format":"standard","meta":{"footnotes":""},"categories":[4],"tags":[],"class_list":["post-60803","post","type-post","status-publish","format-standard","hentry","category-noticias-del-dia"],"_links":{"self":[{"href":"https:\/\/bambapolitica.com.mx\/index.php\/wp-json\/wp\/v2\/posts\/60803","targetHints":{"allow":["GET"]}}],"collection":[{"href":"https:\/\/bambapolitica.com.mx\/index.php\/wp-json\/wp\/v2\/posts"}],"about":[{"href":"https:\/\/bambapolitica.com.mx\/index.php\/wp-json\/wp\/v2\/types\/post"}],"author":[{"embeddable":true,"href":"https:\/\/bambapolitica.com.mx\/index.php\/wp-json\/wp\/v2\/users\/3"}],"replies":[{"embeddable":true,"href":"https:\/\/bambapolitica.com.mx\/index.php\/wp-json\/wp\/v2\/comments?post=60803"}],"version-history":[{"count":1,"href":"https:\/\/bambapolitica.com.mx\/index.php\/wp-json\/wp\/v2\/posts\/60803\/revisions"}],"predecessor-version":[{"id":60805,"href":"https:\/\/bambapolitica.com.mx\/index.php\/wp-json\/wp\/v2\/posts\/60803\/revisions\/60805"}],"wp:attachment":[{"href":"https:\/\/bambapolitica.com.mx\/index.php\/wp-json\/wp\/v2\/media?parent=60803"}],"wp:term":[{"taxonomy":"category","embeddable":true,"href":"https:\/\/bambapolitica.com.mx\/index.php\/wp-json\/wp\/v2\/categories?post=60803"},{"taxonomy":"post_tag","embeddable":true,"href":"https:\/\/bambapolitica.com.mx\/index.php\/wp-json\/wp\/v2\/tags?post=60803"}],"curies":[{"name":"wp","href":"https:\/\/api.w.org\/{rel}","templated":true}]}}