{"id":60806,"date":"2023-06-23T11:45:09","date_gmt":"2023-06-23T17:45:09","guid":{"rendered":"http:\/\/bambapolitica.com.mx\/?p=60806"},"modified":"2023-06-23T11:45:13","modified_gmt":"2023-06-23T17:45:13","slug":"adan-lopez-en-la-corte-tinterillos-de-ocasion","status":"publish","type":"post","link":"https:\/\/bambapolitica.com.mx\/index.php\/2023\/06\/23\/adan-lopez-en-la-corte-tinterillos-de-ocasion\/","title":{"rendered":"Ad\u00e1n L\u00f3pez: en la Corte, &#8220;tinterillos de ocasi\u00f3n&#8221;"},"content":{"rendered":"\n<p>Viernes 23 de junio 2023<\/p>\n\n\n\n<p>Ad\u00e1n Augusto L\u00f3pez calific\u00f3 de \u201ctinterillos de ocasi\u00f3n\u201d a los ministros de la Suprema Corte de Justicia de la Naci\u00f3n (SCJN), luego que declararon la invalidez de la totalidad del llamado&nbsp;<em>plan B<\/em>&nbsp;de la reforma electoral.<\/p>\n\n\n\n<p>\u201cComo siempre, nueve ministros de la Corte se convirtieron en tinterillos de ocasi\u00f3n, volvieron a fallar a contentillo de los grandes intereses\u201d, se\u00f1al\u00f3 durante su visita a la ciudad de San Luis Potos\u00ed.<\/p>\n\n\n\n<p>\u201cRechazo en\u00e9rgicamente que una reforma tan necesaria como la electoral, haya sido declarada inv\u00e1lida por la SCJN. Las y los ministros deben entender que los tiempos han cambiado. Si quieren ser opositores al cambio, que renuncien y se presenten a las elecciones.<\/p>\n\n\n\n<p>\u201cPero que no quieran frenar avances democr\u00e1ticos significativos disfrazados con la toga de la \u2018justicia\u2019. Lo hemos venido diciendo, y hoy lo reafirmamos: urge renovar al Poder Judicial\u201d, reiter\u00f3 a trav\u00e9s de un mensaje publicado en su cuenta de Twitter.<\/p>\n\n\n\n<p>Por otra parte, se refiri\u00f3 al dirigente nacional del PAN, Marko Cort\u00e9s, como \u201cel hijito m\u00e1s chiquito\u201d del ex secretario de Seguridad P\u00fablica, Genaro Garc\u00eda Luna.<\/p>\n\n\n\n<p>Lo anterior en respuesta a un mensaje que difundi\u00f3 Cort\u00e9s en el que asegur\u00f3 que Ad\u00e1n Augusto es corresponsable de la \u201cfallida estrategia de abrazos a criminales que tiene a M\u00e9xico ba\u00f1ado en sangre\u201d.<\/p>\n\n\n\n<p><a href=\"https:\/\/www.jornada.com.mx\/notas\/2023\/06\/23\/politica\/adan-lopez-en-la-corte-tinterillos-de-ocasion\/?from=homeonline&amp;block=politica&amp;opt=articlelink\">https:\/\/www.jornada.com.mx\/notas\/2023\/06\/23\/politica\/adan-lopez-en-la-corte-tinterillos-de-ocasion\/?from=homeonline&amp;block=politica&amp;opt=articlelink<\/a><\/p>\n","protected":false},"excerpt":{"rendered":"<p>Viernes 23 de junio 2023 Ad\u00e1n Augusto L\u00f3pez calific\u00f3 de \u201ctinterillos de ocasi\u00f3n\u201d a los&#8230;<\/p>\n","protected":false},"author":3,"featured_media":0,"comment_status":"closed","ping_status":"closed","sticky":false,"template":"","format":"standard","meta":{"footnotes":""},"categories":[4],"tags":[],"class_list":["post-60806","post","type-post","status-publish","format-standard","hentry","category-noticias-del-dia"],"_links":{"self":[{"href":"https:\/\/bambapolitica.com.mx\/index.php\/wp-json\/wp\/v2\/posts\/60806","targetHints":{"allow":["GET"]}}],"collection":[{"href":"https:\/\/bambapolitica.com.mx\/index.php\/wp-json\/wp\/v2\/posts"}],"about":[{"href":"https:\/\/bambapolitica.com.mx\/index.php\/wp-json\/wp\/v2\/types\/post"}],"author":[{"embeddable":true,"href":"https:\/\/bambapolitica.com.mx\/index.php\/wp-json\/wp\/v2\/users\/3"}],"replies":[{"embeddable":true,"href":"https:\/\/bambapolitica.com.mx\/index.php\/wp-json\/wp\/v2\/comments?post=60806"}],"version-history":[{"count":1,"href":"https:\/\/bambapolitica.com.mx\/index.php\/wp-json\/wp\/v2\/posts\/60806\/revisions"}],"predecessor-version":[{"id":60808,"href":"https:\/\/bambapolitica.com.mx\/index.php\/wp-json\/wp\/v2\/posts\/60806\/revisions\/60808"}],"wp:attachment":[{"href":"https:\/\/bambapolitica.com.mx\/index.php\/wp-json\/wp\/v2\/media?parent=60806"}],"wp:term":[{"taxonomy":"category","embeddable":true,"href":"https:\/\/bambapolitica.com.mx\/index.php\/wp-json\/wp\/v2\/categories?post=60806"},{"taxonomy":"post_tag","embeddable":true,"href":"https:\/\/bambapolitica.com.mx\/index.php\/wp-json\/wp\/v2\/tags?post=60806"}],"curies":[{"name":"wp","href":"https:\/\/api.w.org\/{rel}","templated":true}]}}