{"id":60809,"date":"2023-06-23T11:47:15","date_gmt":"2023-06-23T17:47:15","guid":{"rendered":"http:\/\/bambapolitica.com.mx\/?p=60809"},"modified":"2023-06-23T11:47:24","modified_gmt":"2023-06-23T17:47:24","slug":"vacunacion-contra-tuberculosis-se-reduce","status":"publish","type":"post","link":"https:\/\/bambapolitica.com.mx\/index.php\/2023\/06\/23\/vacunacion-contra-tuberculosis-se-reduce\/","title":{"rendered":"Vacunaci\u00f3n contra tuberculosis se reduce"},"content":{"rendered":"\n<p>Viernes 23 de junio 2023<\/p>\n\n\n\n<h3 class=\"wp-block-heading\">La cobertura con esquema completo de vacunas en ni\u00f1as, ni\u00f1os y adolescentes est\u00e1 por debajo del 80 por ciento<\/h3>\n\n\n\n<p>La cobertura de&nbsp;<strong>vacunaci\u00f3n<\/strong>&nbsp;contra la&nbsp;<strong>tuberculosis<\/strong>&nbsp;alcanz\u00f3 apenas a 78.5 por ciento de los&nbsp;<strong>ni\u00f1os<\/strong>&nbsp;y&nbsp;<strong>ni\u00f1as<\/strong>&nbsp;de entre uno y dos a\u00f1os de edad, de acuerdo con la encuesta&nbsp;<strong>Nacional de Salud y Nutrici\u00f3n (Ensanut)&nbsp;<\/strong>2020; la cifra es alrededor de 20 puntos porcentuales menor que la registrada en 2018-2019, cuando la cobertura de esta vacuna era de 97.3 por ciento.<\/p>\n\n\n\n<p>En general, la\u00a0<strong>cobertura<\/strong>\u00a0con\u00a0<strong>esquema<\/strong>\u00a0<strong>completo<\/strong>\u00a0de vacunaci\u00f3n en ni\u00f1as, ni\u00f1os y adolescentes est\u00e1 por debajo del 80 por ciento. En el caso del cuadro completo para menores de hasta dos a\u00f1os de edad, s\u00f3lo 26.6 por ciento cuentan con \u00e9l, mientras que en 2018-2019 la cobertura fue de 32.9 por ciento.<\/p>\n\n\n\n<p>En el caso particular de la&nbsp;<strong>tuberculosis<\/strong>, la ca\u00edda en la&nbsp;<strong>cobertura<\/strong>&nbsp;ha sido sostenida, pues de 2019 a 2021 cay\u00f3 casi 10 puntos porcentuales y al a\u00f1o pasado otros 10. De acuerdo con cifras de la&nbsp;<strong>Secretar\u00eda de Salud,&nbsp;<\/strong>cada a\u00f1o en&nbsp;<strong>M\u00e9xico<\/strong>&nbsp;se registran m\u00e1s de 28 mil casos de&nbsp;<strong>tuberculosis<\/strong>&nbsp;y 30 por ciento de las personas portadoras de la&nbsp;<strong>microbacteria<\/strong>&nbsp;lo desconoce.<\/p>\n\n\n\n<p>Un estudio del&nbsp;<strong>Instituto<\/strong>&nbsp;<strong>Nacional<\/strong>&nbsp;<strong>de<\/strong>&nbsp;<strong>Salud<\/strong>&nbsp;<strong>P\u00fablica<\/strong>&nbsp;que analiza datos de 2019 se\u00f1ala que a diferencia de lo que ocurre a nivel global, donde se observa una&nbsp;<strong>reducci\u00f3n<\/strong>&nbsp;en la incidencia de la tuberculosis, en&nbsp;<strong>M\u00e9xico<\/strong>&nbsp;la tendencia es hacia una mayor prevalencia. Frente a dicho fen\u00f3meno, el organismo plantea varias recomendaciones que incluye alcanzar la cobertura universal en reci\u00e9n nacidos con la vacuna del bacilo de&nbsp;<strong>CalmetteGu\u00e9rin<\/strong>&nbsp;(<strong>BCG<\/strong>).<\/p>\n\n\n\n<figure class=\"wp-block-image\"><img decoding=\"async\" src=\"https:\/\/www.elsoldemexico.com.mx\/mexico\/sociedad\/fhuk6s-rep1.jpg\/alternates\/FREE_720\/rep1.jpg\" alt=\"\" title=\"rep1.jpg\"\/><\/figure>\n\n\n\n<p>S\u00f3lo dos de las seis&nbsp;<strong>vacunas<\/strong>&nbsp;que conforman el cuadro b\u00e1sico para menores de hasta dos a\u00f1os \u2014<strong>tuberculosis<\/strong>,&nbsp;<strong>hepatitis<\/strong>&nbsp;<strong>B,<\/strong>&nbsp;pentavalente\/hexavalente, neumococo (PCV),&nbsp;<strong>rotavirus<\/strong>&nbsp;y la SRP (<strong>sarampi\u00f3n, paperas, parotiditis<\/strong>)\u2014 tienen una cobertura superior al 80 por ciento, (rotavirus y neumococo); una superior al 70 por ciento (tuberculosis) y el resto&nbsp;<strong>est\u00e1 por debajo de esta cifra.<\/strong><\/p>\n\n\n\n<p>La&nbsp;<strong>encuesta<\/strong>, realizada por la<strong>&nbsp;Secretar\u00eda de Salud en 10 mil 465 hogares<\/strong>&nbsp;de todo el pa\u00eds, estima tambi\u00e9n que s\u00f3lo 72 por ciento de los menores recibieron la primera dosis de la vacuna contra sarampi\u00f3n,&nbsp;<strong>rub\u00e9ola<\/strong>&nbsp;y&nbsp;<strong>parotiditis<\/strong>&nbsp;(SRP).<\/p>\n\n\n\n<p>Sobre la&nbsp;<strong>vacunaci\u00f3n<\/strong>&nbsp;para&nbsp;<strong>menores<\/strong>&nbsp;hasta cinco a\u00f1os de edad, la&nbsp;<strong>Ensanut<\/strong>&nbsp;se\u00f1ala que la cobertura contra la&nbsp;<strong>tuberculosis<\/strong>&nbsp;(BCG) fue de 78 por ciento; contra la hepatitis B, de 65.1 por ciento; de la pentavalente o hexavalente fue de 69 por ciento y la de y&nbsp;<strong>sarampi\u00f3n<\/strong>,&nbsp;<strong>rub\u00e9ola<\/strong>&nbsp;y&nbsp;<strong>parotiditis<\/strong>&nbsp;alcanz\u00f3 apenas 61.8 por ciento.<\/p>\n\n\n\n<p>En cuanto a las vacunas para&nbsp;<strong>adolescentes<\/strong>, la encuesta estima que s\u00f3lo 43.7 por ciento de \u00e9stos fueron inmunizados contra el&nbsp;<strong>virus de papiloma humano (VPH)<\/strong>. Esta vacuna se aplica desde 2012 a ni\u00f1as de entre nueve y 12 a\u00f1os de edad para reducir la incidencia del c\u00e1ncer cervicouterino \u2014provocado por el&nbsp;<strong>virus<\/strong>\u2014 y a 2018 llegaba a m\u00e1s del 90 por ciento del p\u00fablico objetivo ya que se aplicaba en escuelas.<\/p>\n\n\n\n<p><img decoding=\"async\" src=\"https:\/\/www.elsoldemexico.com.mx\/incoming\/m3tnyt-encuesta-nacional-de-salud-publica-y-nutricion.-foto-romina-solis-16.jpeg\/alternates\/FREE_720\/Encuesta%20Nacional%20de%20Salud%20Pu%CC%81blica%20y%20Nutricio%CC%81n.%20FOTO%20ROMINA%20SOLI%CC%81S%20(16).jpeg\" alt=\"\"><\/p>\n\n\n\n<h4 class=\"wp-block-heading\">Dr. Ruy L\u00f3pez Ridaura, Direcci\u00f3n General del Centro Nacional de Programas Preventivos y Control de Enfermedades | Foto: Romina Sol\u00eds \/El Sol de M\u00e9xico<\/h4>\n\n\n\n<p>Tambi\u00e9n hay bajas tasas de vacunaci\u00f3n en adolescentes para la&nbsp;<strong>hepatitis B<\/strong>, con 31.8 por ciento de cobertura; t\u00e9tanos, con 38.5 por ciento, y&nbsp;<strong>sarampi\u00f3n-rubeola (SR)<\/strong>, con 32.6 por ciento.<\/p>\n\n\n\n<p>Entre los&nbsp;<strong>hallazgos<\/strong>&nbsp;se encontr\u00f3 que entre 10 a 20 por ciento de todos los grupos de edad no tienen inmunidad contra&nbsp;<strong>t\u00e9tanos<\/strong>, y es particularmente baja entre el grupo de 4 a 19 a\u00f1os.<\/p>\n\n\n\n<h2 class=\"wp-block-heading\">COVID-19<\/h2>\n\n\n\n<p>La&nbsp;<strong>Ensaut<\/strong>&nbsp;tambi\u00e9n revela que 11.2 por ciento de los&nbsp;<strong>mexicanos<\/strong>, en su mayor\u00eda<strong>&nbsp;j\u00f3venes y menores de edad<\/strong>, rechazaron alguna de las opciones de vacuna contra&nbsp;<strong>Covid-19.<\/strong><\/p>\n\n\n\n<p>Entre las barreras para rechazar la&nbsp;<strong>vacunaci\u00f3n<\/strong>&nbsp;estuvieron que la sede asignada para recibir la dosis les quedaba lejos, la fila era muy larga, no los dejaron salir del trabajo, que ten\u00edan alguna&nbsp;<strong>discapacidad<\/strong>&nbsp;o no&nbsp;<strong>alcanzaron<\/strong>&nbsp;<strong>vacunas<\/strong>, dijo&nbsp;<strong>Celia<\/strong>&nbsp;<strong>Alpuche<\/strong>, directora del&nbsp;<strong>Centro<\/strong>&nbsp;de Investigaci\u00f3n sobre&nbsp;<strong>Enfermedades<\/strong>&nbsp;Infecciosas del&nbsp;<strong>Instituto Nacional de Salud P\u00fablica.<\/strong><\/p>\n\n\n\n<p>La encuesta se\u00f1ala tambi\u00e9n que 98 por ciento de la poblaci\u00f3n del pa\u00eds cuenta con anticuerpos protectores contra el virus<strong>\u00a0SARS-CoV-2,<\/strong>\u00a0ya sea por vacunaci\u00f3n o por infecci\u00f3n natural y que el 90 por ciento de la poblaci\u00f3n tuvo una\u00a0<strong>infecci<\/strong>on.<\/p>\n\n\n\n<h2 class=\"wp-block-heading\">OBESIDAD<\/h2>\n\n\n\n<p>En la&nbsp;<strong>encuesta<\/strong>&nbsp;tambi\u00e9n se presentaron los datos de&nbsp;<strong>an\u00e1lisis<\/strong>&nbsp;sobre la condici\u00f3n de sobrepeso y&nbsp;<strong>obesidad<\/strong>&nbsp;en&nbsp;<strong>M\u00e9xico<\/strong>, la cual sigue incrementando.<\/p>\n\n\n\n<p>En el caso de los&nbsp;<strong>adultos<\/strong>&nbsp;subi\u00f3 24.1 por ciento de 2006 a 2022, aunque sin diferencia&nbsp;<strong>significativa<\/strong>&nbsp;en los \u00faltimos seis a\u00f1os, no as\u00ed en el caso de los&nbsp;<strong>ni\u00f1os<\/strong>&nbsp;en edad escolar y&nbsp;<strong>adolescentes<\/strong>.<\/p>\n\n\n\n<p><strong>Sim\u00f3n Barquera<\/strong>, del&nbsp;<strong>Instituto Nacional de Salud P\u00fablica<\/strong>, asegur\u00f3 que si bien se advierte un ligero cambio en la condici\u00f3n de obesidad y sobrepeso, el crecimiento no semejante al que hab\u00eda previo a 2012.<\/p>\n\n\n\n<p>\u201c<em>Significa que las acciones de pol\u00edtica para establecer impuesto a los refrescos, el etiquetado a productos y comida chatarra y el avance en la lactancia para la primera infancia ya tiene\u00a0<strong>efectos<\/strong>\u00a0en el\u00a0<strong>sobrepeso<\/strong>\u00a0y\u00a0<strong>obesidad<\/strong>\u2026 Se requiere redoblar esfuerzos en la\u00a0<strong>regulaci\u00f3n<\/strong>, consumo de\u00a0<strong>alimentos<\/strong>\u00a0<strong>ultraprocesados<\/strong>\u00a0y aumentar los impuestos a refrescos para abatir esta condici\u00f3n<\/em>\u201d, dijo.<\/p>\n\n\n\n<p>Por edad,<strong>&nbsp;la encuesta se\u00f1ala que 7.7 por ciento de los menores de cinco a\u00f1os presentan exceso de peso,<\/strong>&nbsp;en adolescentes la cifra es de 41 por ciento. En el caso de los adultos, 36.9 por ciento de la poblaci\u00f3n vive con obesidad y 38.3 por ciento con sobrepeso.<\/p>\n\n\n\n<p>La\u00a0<strong>Ensanut<\/strong>\u00a0tambi\u00e9n revela que 1.3 millones de ni\u00f1os en\u00a0<strong>M\u00e9xico<\/strong>\u00a0presentan desnutrici\u00f3n.<strong>\u00a0Juan Rivera Domarco<\/strong>, quien ha dado seguimiento al tema desde el a\u00f1o 2000, afirm\u00f3 que en\u00a0<strong>M\u00e9xico<\/strong>\u00a0la desnutrici\u00f3n cr\u00f3nica o baja talla en 2022 alcanz\u00f3 al 12.8 por ciento de los menores.<\/p>\n\n\n\n<p><a href=\"https:\/\/www.elsoldemexico.com.mx\/mexico\/sociedad\/vacunacion-contra-tuberculosis-se-reduce-10263364.html\">https:\/\/www.elsoldemexico.com.mx\/mexico\/sociedad\/vacunacion-contra-tuberculosis-se-reduce-10263364.html<\/a><\/p>\n","protected":false},"excerpt":{"rendered":"<p>Viernes 23 de junio 2023 La cobertura con esquema completo de vacunas en ni\u00f1as, ni\u00f1os&#8230;<\/p>\n","protected":false},"author":3,"featured_media":0,"comment_status":"closed","ping_status":"closed","sticky":false,"template":"","format":"standard","meta":{"footnotes":""},"categories":[4],"tags":[],"class_list":["post-60809","post","type-post","status-publish","format-standard","hentry","category-noticias-del-dia"],"_links":{"self":[{"href":"https:\/\/bambapolitica.com.mx\/index.php\/wp-json\/wp\/v2\/posts\/60809","targetHints":{"allow":["GET"]}}],"collection":[{"href":"https:\/\/bambapolitica.com.mx\/index.php\/wp-json\/wp\/v2\/posts"}],"about":[{"href":"https:\/\/bambapolitica.com.mx\/index.php\/wp-json\/wp\/v2\/types\/post"}],"author":[{"embeddable":true,"href":"https:\/\/bambapolitica.com.mx\/index.php\/wp-json\/wp\/v2\/users\/3"}],"replies":[{"embeddable":true,"href":"https:\/\/bambapolitica.com.mx\/index.php\/wp-json\/wp\/v2\/comments?post=60809"}],"version-history":[{"count":1,"href":"https:\/\/bambapolitica.com.mx\/index.php\/wp-json\/wp\/v2\/posts\/60809\/revisions"}],"predecessor-version":[{"id":60811,"href":"https:\/\/bambapolitica.com.mx\/index.php\/wp-json\/wp\/v2\/posts\/60809\/revisions\/60811"}],"wp:attachment":[{"href":"https:\/\/bambapolitica.com.mx\/index.php\/wp-json\/wp\/v2\/media?parent=60809"}],"wp:term":[{"taxonomy":"category","embeddable":true,"href":"https:\/\/bambapolitica.com.mx\/index.php\/wp-json\/wp\/v2\/categories?post=60809"},{"taxonomy":"post_tag","embeddable":true,"href":"https:\/\/bambapolitica.com.mx\/index.php\/wp-json\/wp\/v2\/tags?post=60809"}],"curies":[{"name":"wp","href":"https:\/\/api.w.org\/{rel}","templated":true}]}}