{"id":60815,"date":"2023-06-23T11:51:12","date_gmt":"2023-06-23T17:51:12","guid":{"rendered":"http:\/\/bambapolitica.com.mx\/?p=60815"},"modified":"2023-06-23T11:51:16","modified_gmt":"2023-06-23T17:51:16","slug":"crecen-600-las-tendencias-suicidas-en-mexico-principalmente-entre-adolescentes","status":"publish","type":"post","link":"https:\/\/bambapolitica.com.mx\/index.php\/2023\/06\/23\/crecen-600-las-tendencias-suicidas-en-mexico-principalmente-entre-adolescentes\/","title":{"rendered":"Crecen 600% las tendencias suicidas en M\u00e9xico, principalmente entre adolescentes"},"content":{"rendered":"\n<p>Viernes 23 de junio 2023<\/p>\n\n\n\n<p>Los hallazgos de la Ensanut Continua 2022 confirman&nbsp;una&nbsp;la tendencia de incremento&nbsp;de hasta 600%&nbsp;en las&nbsp;conductas&nbsp;suicidas a nivel nacional, especialmente entre los&nbsp;j\u00f3venes.<\/p>\n\n\n\n<p><a href=\"https:\/\/api.whatsapp.com\/send?text=https%3A%2F%2Fwww.eleconomista.com.mx%2Fpolitica%2FCrecen-600-las-tendencias-suicidas-en-Mexico-principalmente-entre-adolescentes-20230623-0022.html\" target=\"_blank\" rel=\"noreferrer noopener\"><\/a><a href=\"https:\/\/twitter.com\/intent\/tweet?text=Crecen%20600%%20las%20tendencias%20suicidas%20en%20M%C3%A9xico,%20principalmente%20entre%20adolescentes?&amp;url=https%3A%2F%2Fwww.eleconomista.com.mx%2Fpolitica%2FCrecen-600-las-tendencias-suicidas-en-Mexico-principalmente-entre-adolescentes-20230623-0022.html\" target=\"_blank\" rel=\"noreferrer noopener\"><\/a><a href=\"https:\/\/www.facebook.com\/sharer\/sharer.php?u=https%3A%2F%2Fwww.eleconomista.com.mx%2Fpolitica%2FCrecen-600-las-tendencias-suicidas-en-Mexico-principalmente-entre-adolescentes-20230623-0022.html\" target=\"_blank\" rel=\"noreferrer noopener\"><\/a><a href=\"https:\/\/www.linkedin.com\/sharing\/share-offsite\/?url=https%3A%2F%2Fwww.eleconomista.com.mx%2Fpolitica%2FCrecen-600-las-tendencias-suicidas-en-Mexico-principalmente-entre-adolescentes-20230623-0022.html\" target=\"_blank\" rel=\"noreferrer noopener\"><\/a><\/p>\n\n\n\n<p>Los hallazgos de la Ensanut Continua 2022 confirman una la tendencia de incremento de hasta 600% en las conductas suicidas a nivel nacional, especialmente entre los j\u00f3venes.<\/p>\n\n\n\n<p>Seg\u00fan los datos, el 7.6% de la poblaci\u00f3n adolescente y 7.7% de la poblaci\u00f3n adulta pens\u00f3 alguna vez en suicidarse a lo largo del 2022.<\/p>\n\n\n\n<p>En el caso de las mujeres son las que reportaron la mayor prevalencia en comparaci\u00f3n con los hombres, tanto en pensamiento como en intentos de suicidio. Las mujeres tanto adolescentes como adultas reportaron la mayor prevalencia,10.2 contra 9.1% de hombres.<\/p>\n\n\n\n<p>Asimismo, se advirti\u00f3 que los adolescentes tuvieron un incremento en intentos de suicidio de m\u00e1s de 600% desde la Ensanut 2006 (cuando la prevalencia fue de 1.1%) y m\u00e1s del doble que la prevalencia inmediatamente antes de la pandemia por Covid-19 (prevalencia de 3.9% en la Ensanut 2018), mientras que la Ensanut 2021 report\u00f3 una prevalencia nacional de 5.3% tambi\u00e9n para adolescentes.<\/p>\n\n\n\n<p>Al analizar el grupo de edad, la poblaci\u00f3n adulta joven de 20 a 29 a\u00f1os report\u00f3 una prevalencia de 5.9% y el grupo de 60 a\u00f1os o m\u00e1s, de 2.2%, los cuales son los dos extremos de la poblaci\u00f3n.<\/p>\n\n\n\n<p>En este sentido, se dijo que \u201ces interesante la mayor prevalencia de intento, pero no de ideaci\u00f3n alguna vez en la vida en adolescentes en comparaci\u00f3n con adultos. Dado que los adultos han vivido m\u00e1s a\u00f1os que los adolescentes, a pesar de los cambios generacionales, se esperar\u00eda mayor prevalencia en los adultos, dato que se observ\u00f3 para ideaci\u00f3n.<\/p>\n\n\n\n<p>\u201cSin embargo, la mayor prevalencia de intentos alguna vez en la vida de los adolescentes en comparaci\u00f3n con los adultos es preocupante porque sugiere un cambio generacional, ya que para cuando los adolescentes sean adultos, la diferencia entre sus prevalencias y las de las generaciones anteriores va a ser a\u00fan mayor\u201d, se advirti\u00f3.<\/p>\n\n\n\n<p><a href=\"https:\/\/www.eleconomista.com.mx\/politica\/Crecen-600-las-tendencias-suicidas-en-Mexico-principalmente-entre-adolescentes-20230623-0022.html\">https:\/\/www.eleconomista.com.mx\/politica\/Crecen-600-las-tendencias-suicidas-en-Mexico-principalmente-entre-adolescentes-20230623-0022.html<\/a><\/p>\n","protected":false},"excerpt":{"rendered":"<p>Viernes 23 de junio 2023 Los hallazgos de la Ensanut Continua 2022 confirman&nbsp;una&nbsp;la tendencia de&#8230;<\/p>\n","protected":false},"author":3,"featured_media":0,"comment_status":"closed","ping_status":"closed","sticky":false,"template":"","format":"standard","meta":{"footnotes":""},"categories":[4],"tags":[],"class_list":["post-60815","post","type-post","status-publish","format-standard","hentry","category-noticias-del-dia"],"_links":{"self":[{"href":"https:\/\/bambapolitica.com.mx\/index.php\/wp-json\/wp\/v2\/posts\/60815","targetHints":{"allow":["GET"]}}],"collection":[{"href":"https:\/\/bambapolitica.com.mx\/index.php\/wp-json\/wp\/v2\/posts"}],"about":[{"href":"https:\/\/bambapolitica.com.mx\/index.php\/wp-json\/wp\/v2\/types\/post"}],"author":[{"embeddable":true,"href":"https:\/\/bambapolitica.com.mx\/index.php\/wp-json\/wp\/v2\/users\/3"}],"replies":[{"embeddable":true,"href":"https:\/\/bambapolitica.com.mx\/index.php\/wp-json\/wp\/v2\/comments?post=60815"}],"version-history":[{"count":1,"href":"https:\/\/bambapolitica.com.mx\/index.php\/wp-json\/wp\/v2\/posts\/60815\/revisions"}],"predecessor-version":[{"id":60817,"href":"https:\/\/bambapolitica.com.mx\/index.php\/wp-json\/wp\/v2\/posts\/60815\/revisions\/60817"}],"wp:attachment":[{"href":"https:\/\/bambapolitica.com.mx\/index.php\/wp-json\/wp\/v2\/media?parent=60815"}],"wp:term":[{"taxonomy":"category","embeddable":true,"href":"https:\/\/bambapolitica.com.mx\/index.php\/wp-json\/wp\/v2\/categories?post=60815"},{"taxonomy":"post_tag","embeddable":true,"href":"https:\/\/bambapolitica.com.mx\/index.php\/wp-json\/wp\/v2\/tags?post=60815"}],"curies":[{"name":"wp","href":"https:\/\/api.w.org\/{rel}","templated":true}]}}