{"id":60818,"date":"2023-06-23T11:53:10","date_gmt":"2023-06-23T17:53:10","guid":{"rendered":"http:\/\/bambapolitica.com.mx\/?p=60818"},"modified":"2023-06-23T11:53:15","modified_gmt":"2023-06-23T17:53:15","slug":"imprudencia-provoca-que-automovilista-caiga-a-las-aguas-negras-del-rio-manzano-chicoloapan","status":"publish","type":"post","link":"https:\/\/bambapolitica.com.mx\/index.php\/2023\/06\/23\/imprudencia-provoca-que-automovilista-caiga-a-las-aguas-negras-del-rio-manzano-chicoloapan\/","title":{"rendered":"IMPRUDENCIA PROVOCA QUE AUTOMOVILISTA CAIGA A LAS AGUAS NEGRAS DEL RIO MANZANO, CHICOLOAPAN"},"content":{"rendered":"\n<p>Viernes 23 de junio 2023<\/p>\n\n\n\n<p>#SAN VICENTE CHICOLOAPAN, #EDOMEX.-Esta ma\u00f1ana fue fatal para un apresurado e irresponsable conductor ya que en su loquera por llegar a su destino no midi\u00f3 las consecuencias y casi choca con otro veh\u00edculo pero da el volantazo, brinca la banqueta y va a dar al fondo de las aguas negras del R\u00edo Manzano, en esta localidad.<\/p>\n\n\n\n<p>Efectivamente, vecinos que dese muy temprano se dirig\u00edan a sus respectivos trabajos vieron la acci\u00f3n y la desgracia del joven conductor que una loca reacci\u00f3n para evitar un choque de l\u00e1minas dio un inesperado volantazo que, en cuesti\u00f3n de segundos, lo llevo a subirse a la guarnici\u00f3n que divide la vialidad de la avenida Garc\u00e9s y caer con su autom\u00f3vil al vac\u00edo de las pestilentes aguas del Canal Rio Manzano, ubicado en el acceso a los Conjuntos Habitacionales de San Vicente Chicoloapan, estado de M\u00e9xico.<\/p>\n\n\n\n<p>La vialidad de esa arteria permanece cerrada y llena de polic\u00edas municipales que observan la dram\u00e1tica escena en lo que llegan los param\u00e9dicos para revisar el estado de salud del joven conductor que permanece acongojado encima del toldo del automotor.<\/p>\n\n\n\n<p>\u00abPronto llegar\u00e1 la gr\u00faa, jefe, para sacar el auto y trasladarlo hacia el Juzgado Calificador para que el ch\u00f3fer se haga responsable de los da\u00f1os ocasionados a la infraestructura municipal y tambi\u00e9n pague una multa por su imprudencia\u00bb, fue el comentario para el corresponsal de Reporteros en Movimiento.<\/p>\n\n\n\n<figure class=\"wp-block-embed is-type-wp-embed is-provider-reporteros-en-movimiento wp-block-embed-reporteros-en-movimiento\"><div class=\"wp-block-embed__wrapper\">\n<blockquote class=\"wp-embedded-content\" data-secret=\"wmNG97jGb0\"><a href=\"https:\/\/reporterosenmovimiento.com\/2023\/06\/23\/imprudencia-provoca-que-automovilista-caiga-a-las-aguas-negras-del-rio-manzano-chicoloapan\/\">IMPRUDENCIA PROVOCA QUE AUTOMOVILISTA CAIGA A LAS AGUAS NEGRAS DEL RIO MANZANO, CHICOLOAPAN<\/a><\/blockquote><iframe loading=\"lazy\" class=\"wp-embedded-content\" sandbox=\"allow-scripts\" security=\"restricted\" style=\"position: absolute; visibility: hidden;\" title=\"\u00abIMPRUDENCIA PROVOCA QUE AUTOMOVILISTA CAIGA A LAS AGUAS NEGRAS DEL RIO MANZANO, CHICOLOAPAN\u00bb \u2014 Reporteros en Movimiento\" src=\"https:\/\/reporterosenmovimiento.com\/2023\/06\/23\/imprudencia-provoca-que-automovilista-caiga-a-las-aguas-negras-del-rio-manzano-chicoloapan\/embed\/#?secret=Iccas5BCMd#?secret=wmNG97jGb0\" data-secret=\"wmNG97jGb0\" width=\"600\" height=\"338\" frameborder=\"0\" marginwidth=\"0\" marginheight=\"0\" scrolling=\"no\"><\/iframe>\n<\/div><\/figure>\n","protected":false},"excerpt":{"rendered":"<p>Viernes 23 de junio 2023 #SAN VICENTE CHICOLOAPAN, #EDOMEX.-Esta ma\u00f1ana fue fatal para un apresurado&#8230;<\/p>\n","protected":false},"author":3,"featured_media":0,"comment_status":"closed","ping_status":"closed","sticky":false,"template":"","format":"standard","meta":{"footnotes":""},"categories":[4],"tags":[],"class_list":["post-60818","post","type-post","status-publish","format-standard","hentry","category-noticias-del-dia"],"_links":{"self":[{"href":"https:\/\/bambapolitica.com.mx\/index.php\/wp-json\/wp\/v2\/posts\/60818","targetHints":{"allow":["GET"]}}],"collection":[{"href":"https:\/\/bambapolitica.com.mx\/index.php\/wp-json\/wp\/v2\/posts"}],"about":[{"href":"https:\/\/bambapolitica.com.mx\/index.php\/wp-json\/wp\/v2\/types\/post"}],"author":[{"embeddable":true,"href":"https:\/\/bambapolitica.com.mx\/index.php\/wp-json\/wp\/v2\/users\/3"}],"replies":[{"embeddable":true,"href":"https:\/\/bambapolitica.com.mx\/index.php\/wp-json\/wp\/v2\/comments?post=60818"}],"version-history":[{"count":1,"href":"https:\/\/bambapolitica.com.mx\/index.php\/wp-json\/wp\/v2\/posts\/60818\/revisions"}],"predecessor-version":[{"id":60820,"href":"https:\/\/bambapolitica.com.mx\/index.php\/wp-json\/wp\/v2\/posts\/60818\/revisions\/60820"}],"wp:attachment":[{"href":"https:\/\/bambapolitica.com.mx\/index.php\/wp-json\/wp\/v2\/media?parent=60818"}],"wp:term":[{"taxonomy":"category","embeddable":true,"href":"https:\/\/bambapolitica.com.mx\/index.php\/wp-json\/wp\/v2\/categories?post=60818"},{"taxonomy":"post_tag","embeddable":true,"href":"https:\/\/bambapolitica.com.mx\/index.php\/wp-json\/wp\/v2\/tags?post=60818"}],"curies":[{"name":"wp","href":"https:\/\/api.w.org\/{rel}","templated":true}]}}