{"id":60821,"date":"2023-06-23T11:55:16","date_gmt":"2023-06-23T17:55:16","guid":{"rendered":"http:\/\/bambapolitica.com.mx\/?p=60821"},"modified":"2023-06-23T11:55:17","modified_gmt":"2023-06-23T17:55:17","slug":"muere-hombre-baleado-en-la-central-de-abasto-fiscalia-investiga","status":"publish","type":"post","link":"https:\/\/bambapolitica.com.mx\/index.php\/2023\/06\/23\/muere-hombre-baleado-en-la-central-de-abasto-fiscalia-investiga\/","title":{"rendered":"Muere hombre baleado en la Central de Abasto; Fiscal\u00eda investiga"},"content":{"rendered":"\n<p>Viernes 23 junio 2023<\/p>\n\n\n\n<h3 class=\"wp-block-heading\">Informaci\u00f3n compartida por el Fideicomiso Central de Abasto indica un suicidio, como principal l\u00ednea de investigaci\u00f3n del fallecimiento<\/h3>\n\n\n\n<p>Una fuerte movilizaci\u00f3n de servicios de emergencia se despleg\u00f3 en la zona de la Central de Abasto de Iztapalapa, luego del reporte de una persona baleada en los pasillos de este centro de abasto. L<strong>os motivos del homicidio ya son investigados por la Fiscal\u00eda General de Justicia<\/strong>\u00a0de la Ciudad de M\u00e9xico<\/p>\n\n\n\n<p>El homicidio fue perpetrado la tarde de este jueves en uno de los pasillos cercanos al per\u00edmetro Sur de la Central de Abasto de Iztapalapa, en una zona cercana al Eje 6 Sur, lugar hasta donde arrib\u00f3 personal de la Secretar\u00eda de Seguridad Ciudadana y de la Fiscal\u00eda General de Justicia para iniciar con las investigaciones.<\/p>\n\n\n\n<p><strong>Las unidades oficiales resguardan un local ubicado en el pasillo W de la zona de bodegas de frutas y legumbres<\/strong>, en donde al interior yac\u00eda el cuerpo sin vida del masculino que, de acuerdo a los primeros reportes, muri\u00f3 por herida de proyectil de arma de fuego en la zona craneal.<\/p>\n\n\n\n<p>Hasta el momento se desconoce si el occiso fue v\u00edctima de un intento de asalto o una agresi\u00f3n directa, e incluso se indaga la posibilidad de que el hombre de aproximadamente 50 a\u00f1os de edad pudo haber atentado contra su vida.<\/p>\n\n\n\n<p>Es precisamente esta sospecha la principal l\u00ednea de investigaci\u00f3n sobre el fallecimiento, esto luego de que desde el Twitter alterno del Fideicomiso Central de Abasto, se informara que la v\u00edctima ha sido identificada como Miguel \u201cM\u201d, un trabajador del sector frutas y legumbres, que\u00a0<strong>\u201cde acuerdo a informaci\u00f3n verificada, se suicid\u00f3 al interior de su oficina\u201d.<\/strong><\/p>\n\n\n\n<p><a href=\"https:\/\/www.la-prensa.com.mx\/policiaca\/muere-hombre-baleado-en-la-central-de-abasto-fiscalia-investiga-10261560.html\">https:\/\/www.la-prensa.com.mx\/policiaca\/muere-hombre-baleado-en-la-central-de-abasto-fiscalia-investiga-10261560.html<\/a><\/p>\n","protected":false},"excerpt":{"rendered":"<p>Viernes 23 junio 2023 Informaci\u00f3n compartida por el Fideicomiso Central de Abasto indica un suicidio,&#8230;<\/p>\n","protected":false},"author":3,"featured_media":0,"comment_status":"closed","ping_status":"closed","sticky":false,"template":"","format":"standard","meta":{"footnotes":""},"categories":[4],"tags":[],"class_list":["post-60821","post","type-post","status-publish","format-standard","hentry","category-noticias-del-dia"],"_links":{"self":[{"href":"https:\/\/bambapolitica.com.mx\/index.php\/wp-json\/wp\/v2\/posts\/60821","targetHints":{"allow":["GET"]}}],"collection":[{"href":"https:\/\/bambapolitica.com.mx\/index.php\/wp-json\/wp\/v2\/posts"}],"about":[{"href":"https:\/\/bambapolitica.com.mx\/index.php\/wp-json\/wp\/v2\/types\/post"}],"author":[{"embeddable":true,"href":"https:\/\/bambapolitica.com.mx\/index.php\/wp-json\/wp\/v2\/users\/3"}],"replies":[{"embeddable":true,"href":"https:\/\/bambapolitica.com.mx\/index.php\/wp-json\/wp\/v2\/comments?post=60821"}],"version-history":[{"count":1,"href":"https:\/\/bambapolitica.com.mx\/index.php\/wp-json\/wp\/v2\/posts\/60821\/revisions"}],"predecessor-version":[{"id":60823,"href":"https:\/\/bambapolitica.com.mx\/index.php\/wp-json\/wp\/v2\/posts\/60821\/revisions\/60823"}],"wp:attachment":[{"href":"https:\/\/bambapolitica.com.mx\/index.php\/wp-json\/wp\/v2\/media?parent=60821"}],"wp:term":[{"taxonomy":"category","embeddable":true,"href":"https:\/\/bambapolitica.com.mx\/index.php\/wp-json\/wp\/v2\/categories?post=60821"},{"taxonomy":"post_tag","embeddable":true,"href":"https:\/\/bambapolitica.com.mx\/index.php\/wp-json\/wp\/v2\/tags?post=60821"}],"curies":[{"name":"wp","href":"https:\/\/api.w.org\/{rel}","templated":true}]}}