{"id":60824,"date":"2023-06-25T13:41:22","date_gmt":"2023-06-25T19:41:22","guid":{"rendered":"http:\/\/bambapolitica.com.mx\/?p=60824"},"modified":"2023-06-25T13:41:28","modified_gmt":"2023-06-25T19:41:28","slug":"texcoco-rinde-homenaje-al-gremio-periodistico-de-la-region-remodela-el-memorial-de-los-comunicadores","status":"publish","type":"post","link":"https:\/\/bambapolitica.com.mx\/index.php\/2023\/06\/25\/texcoco-rinde-homenaje-al-gremio-periodistico-de-la-region-remodela-el-memorial-de-los-comunicadores\/","title":{"rendered":"Texcoco rinde homenaje al gremio period\u00edstico de la regi\u00f3n, remodela el &#8220;Memorial de los comunicadores&#8221;"},"content":{"rendered":"\n<p>Domingo 25 de junio 2023<\/p>\n\n\n\n<p>Como una forma de reconocer la actividad period\u00edstica, as\u00ed como a los comunicadores que han trascendido en esta vida, el gobierno municipal de Texcoco remodel\u00f3 el memorial a los reporteros, instalado en las inmediaciones de la Alameda de Texcoco.<\/p>\n\n\n\n<p>El memorial que contiene los nombres de periodistas texcocanos que han fallecido y que realizaron su actividad period\u00edstica en el municipio.<\/p>\n\n\n\n<p>El secretario del ayuntamiento de Texcoco, Jes\u00fas Ad\u00e1n Gordo Ram\u00edrez en representaci\u00f3n de la presidenta municipal de Texcoco, Sandra Luz Falc\u00f3n Venegas reconoci\u00f3 la labor period\u00edstica, engrandeciendo la importancia de la informaci\u00f3n en la administraci\u00f3n municipal, en la pol\u00edtica y en los ciudadanos al ser a trav\u00e9s de los comunicadores como se dan a conocer las actividades gubernamentales: \u201custedes para nosotros como gobierno son una ayuda m\u00e1s para que la ciudadan\u00eda sepa las acciones del gobierno municipal, tienen tanto poder con una pluma, poder en un micr\u00f3fono que hay veces que ese poder trabajar en una sociedad que esperamos todos se gratule y concrete para los ciudadanos y los texcocanos que queremos\u201d.<\/p>\n\n\n\n<p>Record\u00f3 el proceso electoral reciente los medios de comunicaci\u00f3n \u201cjugaron un papel importante, son y fueron una base para que los ciudadanos conocieran las propuestas de las candidatas que contendieron en este proceso electoral\u201d creo que no nada m\u00e1s bien felicitarlos estamos&nbsp; a la orden porque no puede haber gobierno sin medios de comunicaci\u00f3n que est\u00e9n trabajando de la mano, hoy los ciudadanos tienen que estar informados\u201d, dijo.<\/p>\n\n\n\n<p>Agreg\u00f3 que: \u201cla base de la informaci\u00f3n, no se use como un arma para da\u00f1ar, se utilic\u00e9 para la construcci\u00f3n una sociedad con valores y tenga presencia firme y de convicci\u00f3n hacia los ciudadanos eso es lo que esperamos los gobiernos una sociedad bien comunicada con informaci\u00f3n palpable, informaci\u00f3n real y que los servidores p\u00fablicos podamos ser ese instrumento para darles informaci\u00f3n a trav\u00e9s de los medios\u201d.<\/p>\n\n\n\n<p>\u201cHoy Texcoco se declara a favor de la comunicaci\u00f3n y la transparencia, de que las texcocanas y los texcocanos tengan presente que esto se&nbsp; ha logrado gracias al trabajo de los reporteros, de los comunicadores, y hoy como un hecho \u00fanico en la zona oriente, queda como testimonio en el memorial para recordar a aquellos que han dejado su vida en una pluma, un escrito, una imagen, un video, para comunicar con pluralidad y en forma oportuna\u201d, finaliz\u00f3 el Secretario del Ayuntamiento.<\/p>\n\n\n\n<figure class=\"wp-block-embed is-type-wp-embed is-provider-grupo-radiofonico-y-medios wp-block-embed-grupo-radiofonico-y-medios\"><div class=\"wp-block-embed__wrapper\">\n<blockquote class=\"wp-embedded-content\" data-secret=\"Jyf52K1AO1\"><a href=\"https:\/\/www.grmediostv.com\/2023\/06\/23\/texcoco-rinde-homenaje-al-gremio-periodistico-de-la-region-remodela-el-memorial-de-los-comunicadores\/\">Texcoco rinde homenaje al gremio period\u00edstico de la regi\u00f3n, remodela el &#8220;Memorial de los comunicadores&#8221;<\/a><\/blockquote><iframe loading=\"lazy\" class=\"wp-embedded-content\" sandbox=\"allow-scripts\" security=\"restricted\" style=\"position: absolute; visibility: hidden;\" title=\"&#8220;Texcoco rinde homenaje al gremio period\u00edstico de la regi\u00f3n, remodela el &#8220;Memorial de los comunicadores&#8221;&#8221; &#8212; Grupo Radiof\u00f3nico y Medios\" src=\"https:\/\/www.grmediostv.com\/2023\/06\/23\/texcoco-rinde-homenaje-al-gremio-periodistico-de-la-region-remodela-el-memorial-de-los-comunicadores\/embed\/#?secret=OwOP9FYFQn#?secret=Jyf52K1AO1\" data-secret=\"Jyf52K1AO1\" width=\"600\" height=\"338\" frameborder=\"0\" marginwidth=\"0\" marginheight=\"0\" scrolling=\"no\"><\/iframe>\n<\/div><\/figure>\n","protected":false},"excerpt":{"rendered":"<p>Domingo 25 de junio 2023 Como una forma de reconocer la actividad period\u00edstica, as\u00ed como&#8230;<\/p>\n","protected":false},"author":3,"featured_media":0,"comment_status":"closed","ping_status":"closed","sticky":false,"template":"","format":"standard","meta":{"footnotes":""},"categories":[4],"tags":[],"class_list":["post-60824","post","type-post","status-publish","format-standard","hentry","category-noticias-del-dia"],"_links":{"self":[{"href":"https:\/\/bambapolitica.com.mx\/index.php\/wp-json\/wp\/v2\/posts\/60824","targetHints":{"allow":["GET"]}}],"collection":[{"href":"https:\/\/bambapolitica.com.mx\/index.php\/wp-json\/wp\/v2\/posts"}],"about":[{"href":"https:\/\/bambapolitica.com.mx\/index.php\/wp-json\/wp\/v2\/types\/post"}],"author":[{"embeddable":true,"href":"https:\/\/bambapolitica.com.mx\/index.php\/wp-json\/wp\/v2\/users\/3"}],"replies":[{"embeddable":true,"href":"https:\/\/bambapolitica.com.mx\/index.php\/wp-json\/wp\/v2\/comments?post=60824"}],"version-history":[{"count":1,"href":"https:\/\/bambapolitica.com.mx\/index.php\/wp-json\/wp\/v2\/posts\/60824\/revisions"}],"predecessor-version":[{"id":60827,"href":"https:\/\/bambapolitica.com.mx\/index.php\/wp-json\/wp\/v2\/posts\/60824\/revisions\/60827"}],"wp:attachment":[{"href":"https:\/\/bambapolitica.com.mx\/index.php\/wp-json\/wp\/v2\/media?parent=60824"}],"wp:term":[{"taxonomy":"category","embeddable":true,"href":"https:\/\/bambapolitica.com.mx\/index.php\/wp-json\/wp\/v2\/categories?post=60824"},{"taxonomy":"post_tag","embeddable":true,"href":"https:\/\/bambapolitica.com.mx\/index.php\/wp-json\/wp\/v2\/tags?post=60824"}],"curies":[{"name":"wp","href":"https:\/\/api.w.org\/{rel}","templated":true}]}}