{"id":60829,"date":"2023-06-25T13:48:38","date_gmt":"2023-06-25T19:48:38","guid":{"rendered":"http:\/\/bambapolitica.com.mx\/?p=60829"},"modified":"2023-06-25T13:53:01","modified_gmt":"2023-06-25T19:53:01","slug":"la-4t-requerira-cuatro-o-cinco-sexenios-para-consolidarse-dice-adan-augusto","status":"publish","type":"post","link":"https:\/\/bambapolitica.com.mx\/index.php\/2023\/06\/25\/la-4t-requerira-cuatro-o-cinco-sexenios-para-consolidarse-dice-adan-augusto\/","title":{"rendered":"La 4T requerir\u00e1 cuatro o cinco sexenios para consolidarse, dice Ad\u00e1n Augusto"},"content":{"rendered":"\n<p>Domingo 25 de junio 2023<\/p>\n\n\n\n<h2 class=\"wp-block-heading\">En su recorrido por Oaxaca, el exsecretario de Gobernaci\u00f3n asegur\u00f3 que el gobierno del presidente L\u00f3pez Obrador est\u00e1 sentando las bases para que no haya desigualdad social en M\u00e9xico.<\/h2>\n\n\n\n<p>La revoluci\u00f3n de conciencias que significa la<strong>\u00a0Cuarta Transformaci\u00f3n<\/strong>\u00a0no se puede consolidar en solo seis a\u00f1os, por lo que se necesitan cuatro o cinco sexenios para lograrlo, advirti\u00f3 el exsecretario de Gobernaci\u00f3n,\u00a0<strong>Ad\u00e1n Augusto L\u00f3pez Hern\u00e1ndez<\/strong>.<\/p>\n\n\n\n<p>En su recorrido por&nbsp;<strong>Oaxaca<\/strong>, asegur\u00f3 que el gobierno del presidente&nbsp;<strong>Andr\u00e9s Manuel L\u00f3pez Obrador<\/strong>&nbsp;est\u00e1 sentando las bases para que no haya desigualdad social en M\u00e9xico.<\/p>\n\n\n\n<p>\u201cUna revoluci\u00f3n de conciencias no se consolida en seis a\u00f1os. Necesitamos trascender en el tiempo. Esta revoluci\u00f3n seguramente va a durar 12, 18, 24, 30, much\u00edsimos a\u00f1os m\u00e1s, porque es lo que necesita M\u00e9xico, que haya un gobierno cercano a su pueblo, cercano a su gente, que haya programas sociales, que haya m\u00e1s apoyo para los j\u00f3venes, que se apoye a los hombres del campo, a los pescadores, a los trabajadores. Estamos sentando las bases y ese es el m\u00e9rito del presidente de la Rep\u00fablica, se est\u00e1n sentando las bases para que no haya desigualdades en el pa\u00eds\u201d, enfatiz\u00f3.<\/p>\n\n\n\n<p>Ad\u00e1n Augusto L\u00f3pez acus\u00f3 a la oposici\u00f3n de hacer creer a la gente que se van a terminar los\u00a0<strong>programas sociales<\/strong>\u00a0y se va a cancelar la pensi\u00f3n universal para adultos mayores, lo que dijo, es completamente falso.<\/p>\n\n\n\n<p>\u201cYa andan diciendo que ya se terminan los programas sociales, que va a desaparecer la pensi\u00f3n universal, y lo que quiero decirles es que no va a desaparecer porque ya es una obligaci\u00f3n constitucional. De todas maneras, como va a seguir la cuarta transformaci\u00f3n, como va a haber continuidad, no va a haber necesidad de andar preguntando si siguen o no van a seguir los programas sociales, pero es parte de las mentiras que utiliza la oposici\u00f3n para combatir, para intentar ponerle el pie a lo que representa la Cuarta Transformaci\u00f3n\u201d, expres\u00f3.<\/p>\n\n\n\n<p>El aspirante presidencial pidi\u00f3 a la poblaci\u00f3n que conf\u00ede en que el programa IMSS-Bienestar funcionar\u00e1 y resolver\u00e1 el problema de desabasto de medicamentos e insuficiencia de m\u00e9dicos en cl\u00ednicas y hospitales del sector Salud.<\/p>\n\n\n\n<p>\u201cVa a haber m\u00e9dicos y medicinas para todos en todos los centros de salud, en todas las cl\u00ednicas, las unidades familiares, los hospitales generales, los hospitales regionales, en todos lados va a haber m\u00e9dico y medicina, va a haber salud, acceso a la salud universal y de manera gratuita\u201d, prometi\u00f3.<\/p>\n\n\n\n<p><a href=\"https:\/\/www.eluniversal.com.mx\/nacion\/la-cuarta-transformacion-requerira-cuatro-o-cinco-sexenios-para-consolidarse-dice-adan-augusto\/\">https:\/\/www.eluniversal.com.mx\/nacion\/la-cuarta-transformacion-requerira-cuatro-o-cinco-sexenios-para-consolidarse-dice-adan-augusto\/<\/a><\/p>\n\n\n\n<p><br><\/p>\n","protected":false},"excerpt":{"rendered":"<p>Domingo 25 de junio 2023 En su recorrido por Oaxaca, el exsecretario de Gobernaci\u00f3n asegur\u00f3&#8230;<\/p>\n","protected":false},"author":3,"featured_media":60711,"comment_status":"closed","ping_status":"closed","sticky":false,"template":"","format":"standard","meta":{"footnotes":""},"categories":[4],"tags":[],"class_list":["post-60829","post","type-post","status-publish","format-standard","has-post-thumbnail","hentry","category-noticias-del-dia"],"_links":{"self":[{"href":"https:\/\/bambapolitica.com.mx\/index.php\/wp-json\/wp\/v2\/posts\/60829","targetHints":{"allow":["GET"]}}],"collection":[{"href":"https:\/\/bambapolitica.com.mx\/index.php\/wp-json\/wp\/v2\/posts"}],"about":[{"href":"https:\/\/bambapolitica.com.mx\/index.php\/wp-json\/wp\/v2\/types\/post"}],"author":[{"embeddable":true,"href":"https:\/\/bambapolitica.com.mx\/index.php\/wp-json\/wp\/v2\/users\/3"}],"replies":[{"embeddable":true,"href":"https:\/\/bambapolitica.com.mx\/index.php\/wp-json\/wp\/v2\/comments?post=60829"}],"version-history":[{"count":2,"href":"https:\/\/bambapolitica.com.mx\/index.php\/wp-json\/wp\/v2\/posts\/60829\/revisions"}],"predecessor-version":[{"id":60833,"href":"https:\/\/bambapolitica.com.mx\/index.php\/wp-json\/wp\/v2\/posts\/60829\/revisions\/60833"}],"wp:featuredmedia":[{"embeddable":true,"href":"https:\/\/bambapolitica.com.mx\/index.php\/wp-json\/wp\/v2\/media\/60711"}],"wp:attachment":[{"href":"https:\/\/bambapolitica.com.mx\/index.php\/wp-json\/wp\/v2\/media?parent=60829"}],"wp:term":[{"taxonomy":"category","embeddable":true,"href":"https:\/\/bambapolitica.com.mx\/index.php\/wp-json\/wp\/v2\/categories?post=60829"},{"taxonomy":"post_tag","embeddable":true,"href":"https:\/\/bambapolitica.com.mx\/index.php\/wp-json\/wp\/v2\/tags?post=60829"}],"curies":[{"name":"wp","href":"https:\/\/api.w.org\/{rel}","templated":true}]}}