{"id":60834,"date":"2023-06-25T14:04:57","date_gmt":"2023-06-25T20:04:57","guid":{"rendered":"http:\/\/bambapolitica.com.mx\/?p=60834"},"modified":"2023-06-25T14:05:07","modified_gmt":"2023-06-25T20:05:07","slug":"patronato-trata-de-convertir-al-monte-de-piedad-en-un-banco-acusa-sindicato","status":"publish","type":"post","link":"https:\/\/bambapolitica.com.mx\/index.php\/2023\/06\/25\/patronato-trata-de-convertir-al-monte-de-piedad-en-un-banco-acusa-sindicato\/","title":{"rendered":"Patronato trata de convertir al Monte de Piedad en un banco, acusa sindicato"},"content":{"rendered":"\n<p>Domingo 25 de junio 2023<\/p>\n\n\n\n<h3 class=\"wp-block-heading\">El Patronato del Monte de Piedad busca que la instituci\u00f3n se pueda transformar en la Financiera Nacional Monte de Piedad<\/h3>\n\n\n\n<p>El&nbsp;<strong>Nacional Monte de Piedad<\/strong>&nbsp;pierde su esencia con la que se cre\u00f3 hace 248 a\u00f1os, en 1775 por&nbsp;<strong>Pedro Romero de Terreros<\/strong>, con la venia del<strong>&nbsp;virrey Antonio Mar\u00eda Bucareli<\/strong>, de apoyo prendario para las clases m\u00e1s<strong>&nbsp;vulnerables o desprotegidas.<\/strong><\/p>\n\n\n\n<p>El Patronato que<strong>\u00a0encabeza Javier de la Calle, quiere cambiar de giro, de instituci\u00f3n de asistencia privada (IAP)<\/strong>, sin fines de lucro, lo quiere<strong>\u00a0cambiar por Financiera Nacional Monte de Piedad<\/strong>, esto es un banco, que ya tiene 6 a\u00f1os en funciones y que arrastra<strong>\u00a0p\u00e9rdidas por 500 millones de pesos.<\/strong><\/p>\n\n\n\n<p>Por ende, liquidar a los 2 mil 200 trabajadores que quedan, ya que despidieron a 300; terminar con el&nbsp;<strong>contrato colectivo de trabajo (CCT) y desaparecer el Sindicato Nacional de Empleados y Trabajadores del Monte de Piedad (SNETMP).<\/strong><\/p>\n\n\n\n<p>As\u00ed lo denunci\u00f3 en entrevista,&nbsp;<strong>el secretario general del organismo gremial, el abogado Arturo Zay\u00fan Gonz\u00e1lez,<\/strong>&nbsp;quien refiere a El Sol de M\u00e9xico:<\/p>\n\n\n\n<p>\u201cYo entr\u00e9 a trabajar en 1970 al<strong>&nbsp;Monte de Piedad.&nbsp;<\/strong>Se recib\u00eda lo que llamamos varios: televisores, ropa, bocinas, herramienta de alba\u00f1iles, de todo, licuadoras, estufas, refrigeradores, etc\u201d.<\/p>\n\n\n\n<p>\u201cPero ellos tomaron la determinaci\u00f3n de ya no recibirlos. Les dije: \u201c\u2026Para eso hab\u00eda sido creado el Monte de Piedad, para ayudar a la gente\u2026\u201d; pero la contestaci\u00f3n fue: \u201d\u2026Es que eso ya no es negocio\u2026\u201d.<\/p>\n\n\n\n<p>Pero el Monte no es lucrativo. Es para ayudar a las clases de pocos recursos para ayuda en casos de necesitar hospitales, etc. Y en todas las sucursales les quitaron los \u201cvarios\u201d. Luego se enfoc\u00f3 en&nbsp;<strong>empe\u00f1o de puro oro<\/strong>. Y ahora dicen que los pr\u00e9stamos prendarios de oro, ya se va a acabar.<\/p>\n\n\n\n<p><strong>Denunci\u00f3 que de las sucursales del NMP ya salieron 60 toneladas de oro fino<\/strong>. Ya no le dan oportunidad a la gente de que rescate sus prendas, sus joyas. De manera ventajosa, venden por kilogramos hasta lograr toneladas de oro. Funden las piezas y&nbsp;<strong>mandan el oro a los Estados Unidos.<\/strong><\/p>\n\n\n\n<p>\u00bfEl oro siempre se cotiza bien en las bolsas en el mundo?<\/p>\n\n\n\n<p>-Ellos dicen que no. Esa es su bandera. Cuando el oro, toda la vida ha sido uno de los principales sostenes de los pa\u00edses.<\/p>\n\n\n\n<p>\u00bfPor qu\u00e9 la idea de una financiera?<\/p>\n\n\n\n<p>&#8211;<strong>Compraron una financiera que ha sido un fracaso<\/strong>. Tengo documentos que avalan que es un rotundo fracaso. Ellos mismos lo han declarado. Son informes p\u00fablicos.<\/p>\n\n\n\n<p>Los pasivos de los \u00faltimos 3 a\u00f1os han bajado y los activos suben y suben. Baj\u00f3 la deuda y subieron sus remanentes.<\/p>\n\n\n\n<p>De la compra de la financiera, relata:<\/p>\n\n\n\n<p>\u201cEllos compraron una financiera hace 6 a\u00f1os y ha resultado un rotundo fracaso. Tengo la informaci\u00f3n, que es p\u00fablica: la compraron en mil millones de pesos, con dinero del&nbsp;<strong>Monte de Piedad&nbsp;<\/strong>y en 6 a\u00f1os, no hay remanentes de ganancias.<\/p>\n\n\n\n<p>Llevan cerca de 500 millones de pesos perdidos. Ellos quieren meter la<strong>&nbsp;Financiera Nacional Monte de Piedad<\/strong>, cambiar de giro, darle prioridad a la&nbsp;<strong>financiera<\/strong>&nbsp;y dar por terminada la&nbsp;<strong>garant\u00eda prendaria<\/strong>, el pr\u00e9stamo prendario.<\/p>\n\n\n\n<p>De dos a\u00f1os y medio para ac\u00e1 han arreciado mucho en este sentido.<\/p>\n\n\n\n<h2 class=\"wp-block-heading\">NO HAY REVISION SALARIAL DESDE HACE 2 A\u00d1OS<\/h2>\n\n\n\n<p>\u00bfY la relaci\u00f3n laboral?<\/p>\n\n\n\n<p>-Hace 2 a\u00f1os ten\u00edamos la<strong>&nbsp;revisi\u00f3n salarial por ley<\/strong>. Y se hacen los tr\u00e1mites normales de emplazamiento a huelga y dem\u00e1s y siempre hemos llegado a un acuerdo. Durante muchos a\u00f1os se hicieron con miras a tener tranquilidad laboral.<\/p>\n\n\n\n<p>En esa ocasi\u00f3n, me presentaron un proyecto para la terminaci\u00f3n del\u00a0<strong>CCT<\/strong>\u00a0y la liquidaci\u00f3n de los trabajadores. Dec\u00edan que ellos est\u00e1n dispuestos a\u00a0<strong>liquidar a los trabajadores de acuerdo a la ley.<\/strong><\/p>\n\n\n\n<p>Les dije: No puedo hacer eso. Esa decisi\u00f3n la tienen que tomar los trabajadores, no yo como secretario general del Sindicato.<\/p>\n\n\n\n<p>Podemos darles una liquidaci\u00f3n justa, de ley, re contratar a unas gentes, Tener un nuevo CCT. El costo laboral es mucho el de ustedes los trabajadores. El&nbsp;<strong>Monte de Piedad<\/strong>&nbsp;no puede sostener ese costo, fue la respuesta.<\/p>\n\n\n\n<p>Y cu\u00e1l es el contrato qu\u00e9 quieren que yo firme, les pregunt\u00e9:<\/p>\n\n\n\n<p>Me lo mostraron. Es pr\u00e1cticamente un contrato de protecci\u00f3n, con los m\u00ednimos de ley, poquito m\u00e1s arriba, un 10 por ciento por arriba. No puedo jugar con los derechos de los trabajadores.<\/p>\n\n\n\n<p>Lo que quieren a como d\u00e9 lugar es que se liquide el&nbsp;<strong>CCT<\/strong>. Y no como he aceptado tratan de acabar con el sindicato, con el CEN.<\/p>\n\n\n\n<p>Formaron un<strong>&nbsp;sindicato esquirol,<\/strong>&nbsp;sindicato al servicio de ellos para descalificar el trabajo del&nbsp;<strong>CEN<\/strong>&nbsp;y tratarlo de dividirlo y que la gente se vaya con ellos.<\/p>\n\n\n\n<p>\u00bfSigue siendo Patronato el del NMP?<\/p>\n\n\n\n<p>-S\u00ed.<strong>&nbsp;Es un patronato de 7 empresarios, la mayor parte son banqueros y tienen la mentalidad de los bancos<\/strong>. Quieren a trav\u00e9s de la Financiera meter servicios como los bancos.<\/p>\n\n\n\n<p>\u00bfC\u00f3mo se llama la Financiera?<\/p>\n\n\n\n<p>-Financiera La Paz, se llamaba cuando la compraron. Y luego le cambiaron nombre y ahora es Financiera Monte de Piedad.<\/p>\n\n\n\n<p>\u00bfPero una IAP, por ley no puede lucrar?<\/p>\n\n\n\n<p><strong>-La Junta de Asistencia Privada,<\/strong>&nbsp;tiene la obligaci\u00f3n de supervisarlos. De acuerdo a la Ley de Asistencia Privada no pueden sacar dinero del NMP y tener p\u00e9rdidas, comprar una&nbsp;<strong>SOFIPO<\/strong>, son con fines de lucro.<\/p>\n\n\n\n<p>Y ellos lucran con dinero del NMP. Tienen p\u00e9rdidas muy significativas.<\/p>\n\n\n\n<p>Afirma&nbsp;<strong>Arturo Zay\u00fan Gonz\u00e1lez<\/strong>: No he logrado convencerlos de que podemos ajustar nuestro&nbsp;<strong>CCT<\/strong>&nbsp;de acuerdo a lo que ellos pretenden hacer; pero respetando los<strong>&nbsp;derechos de los trabajadores<\/strong>, respetando a la instituci\u00f3n el NMP y que haya viabilidad para la instituci\u00f3n, pero no quieren.<\/p>\n\n\n\n<p>\u00bfCu\u00e1nto piden de aumento salarial?<\/p>\n\n\n\n<p>-No se trata ya de<strong>&nbsp;incremento salarial<\/strong>. Tenemos ya dos a\u00f1os y vamos para 3 que no tenemos incremento salarial y la verdad, lo hicimos porque no queremos estallar la&nbsp;<strong>huelga<\/strong>, porque todo mundo sale perjudicado.<\/p>\n\n\n\n<p><strong>La instituci\u00f3n es lo que quiere: echarnos la culpa a nosotros de que se va a acabar el Monte de Piedad<\/strong>, de que nosotros lo acabamos. Por ese motivo nos quedamos sin aumento en los salarios.<\/p>\n\n\n\n<p>\u00bfCu\u00e1ntos trabajadores son ustedes?<\/p>\n\n\n\n<p>-Somos poco menos de 2 mil 200. \u00c9ramos 2 mil 500 pero con todos los despedidos.<\/p>\n\n\n\n<p>\u00bfQu\u00e9 har\u00e1n?<\/p>\n\n\n\n<p>&#8211;<strong>Estamos en la mejor disposici\u00f3n de negociar un convenio que le de viabilidad a la instituci\u00f3n que haya tranquilidad laboral.<\/strong>&nbsp;Es un acoso constante el que sufren los trabajadores. Est\u00e1n enfermos de los nervios, asustados, preocupados porque hay un&nbsp;<strong>terrorismo laboral&nbsp;<\/strong>tremendo.<\/p>\n","protected":false},"excerpt":{"rendered":"<p>Domingo 25 de junio 2023 El Patronato del Monte de Piedad busca que la instituci\u00f3n&#8230;<\/p>\n","protected":false},"author":3,"featured_media":0,"comment_status":"closed","ping_status":"closed","sticky":false,"template":"","format":"standard","meta":{"footnotes":""},"categories":[4],"tags":[],"class_list":["post-60834","post","type-post","status-publish","format-standard","hentry","category-noticias-del-dia"],"_links":{"self":[{"href":"https:\/\/bambapolitica.com.mx\/index.php\/wp-json\/wp\/v2\/posts\/60834","targetHints":{"allow":["GET"]}}],"collection":[{"href":"https:\/\/bambapolitica.com.mx\/index.php\/wp-json\/wp\/v2\/posts"}],"about":[{"href":"https:\/\/bambapolitica.com.mx\/index.php\/wp-json\/wp\/v2\/types\/post"}],"author":[{"embeddable":true,"href":"https:\/\/bambapolitica.com.mx\/index.php\/wp-json\/wp\/v2\/users\/3"}],"replies":[{"embeddable":true,"href":"https:\/\/bambapolitica.com.mx\/index.php\/wp-json\/wp\/v2\/comments?post=60834"}],"version-history":[{"count":1,"href":"https:\/\/bambapolitica.com.mx\/index.php\/wp-json\/wp\/v2\/posts\/60834\/revisions"}],"predecessor-version":[{"id":60835,"href":"https:\/\/bambapolitica.com.mx\/index.php\/wp-json\/wp\/v2\/posts\/60834\/revisions\/60835"}],"wp:attachment":[{"href":"https:\/\/bambapolitica.com.mx\/index.php\/wp-json\/wp\/v2\/media?parent=60834"}],"wp:term":[{"taxonomy":"category","embeddable":true,"href":"https:\/\/bambapolitica.com.mx\/index.php\/wp-json\/wp\/v2\/categories?post=60834"},{"taxonomy":"post_tag","embeddable":true,"href":"https:\/\/bambapolitica.com.mx\/index.php\/wp-json\/wp\/v2\/tags?post=60834"}],"curies":[{"name":"wp","href":"https:\/\/api.w.org\/{rel}","templated":true}]}}