{"id":60837,"date":"2023-06-25T14:09:10","date_gmt":"2023-06-25T20:09:10","guid":{"rendered":"http:\/\/bambapolitica.com.mx\/?p=60837"},"modified":"2023-06-25T14:09:21","modified_gmt":"2023-06-25T20:09:21","slug":"pan-pri-y-prd-allanan-camino-a-acuerdo-ciudadano-para-elegir-candidato-presidencial","status":"publish","type":"post","link":"https:\/\/bambapolitica.com.mx\/index.php\/2023\/06\/25\/pan-pri-y-prd-allanan-camino-a-acuerdo-ciudadano-para-elegir-candidato-presidencial\/","title":{"rendered":"PAN, PRI y PRD allanan camino a acuerdo ciudadano para elegir candidato presidencial"},"content":{"rendered":"\n<p>Domingo 25 de junio 2023<\/p>\n\n\n\n<h2 class=\"wp-block-heading\">Se estableci\u00f3 la presentaci\u00f3n de 150 mil firmas de respaldo y la realizaci\u00f3n de primarias, foros ciudadanos y encuestas para seleccionar al candidato de la alianza opositora en 2024.<\/h2>\n\n\n\n<p>Las dirigencias de PAN, PRI y PRD establecieron los acuerdos internos para permitir la participaci\u00f3n de la sociedad civil en la elecci\u00f3n del candidato presidencial, previo al acuerdo formal entre ellos para registrarlo y &#8220;siglarlo&#8221; ante el INE.<br>\u200b\u200bEn la v\u00edspera del anuncio este lunes de los integrantes de &#8216;Va por M\u00e9xico&#8217; d\u00e9 su m\u00e9todo para elegir entre los aspirantes el 3 de septiembre y se abri\u00f3 el camino a la participaci\u00f3n ciudadana con el requisito de presentar 150 mil firmas de respaldo de ciudadanos, la organizaci\u00f3n de un ejercicio de participaci\u00f3n directa a manera de primarias, foros ciudadanos y una serie de encuestas para lograr el mejor perfil de quien represente a la alianza opositora en 2024.<\/p>\n\n\n\n<p>Marko Cort\u00e9s pidi\u00f3 generosidad al Consejo Nacional del PAN para modificar el mecanismo de elecci\u00f3n del candidato presidencial de la coalici\u00f3n &#8216;Va por M\u00e9xico&#8217; y dijo que se trata de competir con alguien &#8220;en donde est\u00e9 la identidad del PAN, pero tambi\u00e9n est\u00e9 lo que la sociedad est\u00e1 esperando&#8221;.<\/p>\n\n\n\n<p>Alejandro Moreno afirm\u00f3 que &#8220;sin importar qui\u00e9n termine siendo la responsable o el responsable, todas y todos los integrantes de la coalici\u00f3n y de la alianza debemos de apoyar y de respaldar esa decisi\u00f3n que se d\u00e9 el 3 de septiembre porque ser\u00e1 la voluntad de las y los mexicanos e iremos con quien sea la responsable y el responsable el m\u00e1s capaz para construir el frente amplio opositor&#8221;.<\/p>\n\n\n\n<p>El PRI logr\u00f3 el consenso y el PAN la mayor\u00eda calificada en sus respectivos Consejos para dar paso a la sociedad civil y aceptaron las propuestas de los organizadores de las movilizaciones para defender al INE y a la Corte.<\/p>\n\n\n\n<p>La jornada inici\u00f3 con la reuni\u00f3n en la sede del PRI de los l\u00edderes del PAN, PRI y PRD, Marko Cort\u00e9s, Alejandro Moreno y Jes\u00fas Zambrano con l\u00edderes de la denominada Ola Blanca que agrupa 150 asociaciones civiles, para construir &#8220;un proyecto de unidad que nos fortalezca para enfrentar con todo los pr\u00f3ximos retos&#8221;, dijo Cort\u00e9s.<\/p>\n\n\n\n<p>Jes\u00fas Zambrano dijo que, por vez primera, se incluye a ciudadan\u00eda en la selecci\u00f3n de la candidatura presidencial, mientras que Alejandro Moreno asegur\u00f3 que &#8220;estamos avanzando con pluralidad, abri\u00e9ndonos a la ciudadan\u00eda, escuchando y sumando sus ideas&#8221;.<\/p>\n\n\n\n<p>Despu\u00e9s, cada partido acudi\u00f3 a sus \u00f3rganos directivos y el PAN aprob\u00f3 en su Consejo Nacional la autorizaci\u00f3n a su dirigencia para explorar con la sociedad civil y con otras fuerzas pol\u00edticas diferentes a Morena&nbsp;&#8220;la implementaci\u00f3n de los mecanismos consultivos conjuntos que resulten necesarios&#8221; como &#8220;factores de medici\u00f3n que aporten elementos para concluir que la postulaci\u00f3n del perfil representa las mejores posibilidades de triunfo&#8221;.<\/p>\n\n\n\n<p>El resolutivo del PAN incluye que el perfil que resulte postulado deber\u00e1 contar &#8220;con solvencia moral y buena fama p\u00fablica, as\u00ed como capacidad de gobernar bien&#8221;.<\/p>\n\n\n\n<p>Paralelamente, el Consejo Pol\u00edtico Nacional del PRI aprob\u00f3 mecanismos de consulta para la construcci\u00f3n de un Frente Amplio Opositor para encabezar la alianza &#8216;Va por M\u00e9xico&#8217; (PAN-PRI-PRD) de cara al proceso 2024. Adem\u00e1s, crearon un Consejo T\u00e9cnico para los mecanismos que permitan que sus militantes puedan participar en el proceso electoral.<\/p>\n\n\n\n<p>La Direcci\u00f3n Nacional Ejecutiva del PRD aprob\u00f3 crear un Consejo Consultivo Permanente de Pol\u00edtica Estrat\u00e9gica que construir\u00e1 la agenda pol\u00edtica y plataforma electoral rumbo a las elecciones del 2024 en el que se integrar\u00e1 a la sociedad civil y al PAN y el PRI.<\/p>\n\n\n\n<p>MILENIO adelant\u00f3 desde el 19 de junio que los partidos hab\u00edan aceptado la propuesta ciudadana de elegir al candidato presidencial por elecci\u00f3n primaria y foros ciudadanos, mientras tambi\u00e9n revel\u00f3 el 23 de junio la creaci\u00f3n de un mini INE con 11 ex consejeros y magistrados electorales, as\u00ed como representantes de la sociedad civil para guiar el proceso de selecci\u00f3n del candidato de Va por M\u00e9xico.<\/p>\n\n\n\n<p>El encargado del grupo es Leonardo Vald\u00e9s Zurita, quien en entrevista con MILENIO plante\u00f3 que primero debe cuidarse no violar la legislaci\u00f3n electoral con actos anticipados de campa\u00f1a, por lo que los ciudadanos deben llevar el proceso, aplicando filtros para garantizar la probidad de los aspirantes y el cumplimiento de los requisitos, e incluso un protocolo de idoneidad basado en un modelo de la ONU&nbsp;y la OEA.<\/p>\n\n\n\n<p>Vald\u00e9s Zurita explic\u00f3 que tambi\u00e9n est\u00e1n en el grupo Mar\u00eda del Carmen Alan\u00eds, Marco Antonio Ba\u00f1os, Arturo S\u00e1nchez, Rodrigo Morales, Teresa Gonz\u00e1lez Luna, Rosa Mar\u00eda Mir\u00f3n, Mariclaire Acosta, Mar\u00eda Elena Morera, Sergio Aguayo y Guillermo Sheridan.<\/p>\n\n\n\n<p>&#8220;Los debates no se llamar\u00e1n debates por los t\u00e9rminos jur\u00eddicos, sino ser\u00e1n foros donde los aspirantes puedan presentar y reflexionar sobre sus propuestas. A Diferencia de lo que est\u00e1 pasando en Morena que est\u00e1n haciendo lo prohibido, aqu\u00ed ser\u00eda un proceso ciudadano en foros que permita conocer las propuestas y no solo los rostros o las fintas o frases r\u00e1pidas.&nbsp;Y despu\u00e9s planteamos una boleta que no se llamar\u00e1 boleta de elecci\u00f3n, sino de selecci\u00f3n de aspirantes, donde toda la ciudadan\u00eda podr\u00e1 participar y aplicaremos la segunda vuelta&#8221;, explic\u00f3.<br>https:\/\/www.milenio.com\/politica\/elecciones\/pan-pri-prd-allanan-camino-elegir-candidato-presidencial<\/p>\n","protected":false},"excerpt":{"rendered":"<p>Domingo 25 de junio 2023 Se estableci\u00f3 la presentaci\u00f3n de 150 mil firmas de respaldo&#8230;<\/p>\n","protected":false},"author":3,"featured_media":0,"comment_status":"closed","ping_status":"closed","sticky":false,"template":"","format":"standard","meta":{"footnotes":""},"categories":[4],"tags":[],"class_list":["post-60837","post","type-post","status-publish","format-standard","hentry","category-noticias-del-dia"],"_links":{"self":[{"href":"https:\/\/bambapolitica.com.mx\/index.php\/wp-json\/wp\/v2\/posts\/60837","targetHints":{"allow":["GET"]}}],"collection":[{"href":"https:\/\/bambapolitica.com.mx\/index.php\/wp-json\/wp\/v2\/posts"}],"about":[{"href":"https:\/\/bambapolitica.com.mx\/index.php\/wp-json\/wp\/v2\/types\/post"}],"author":[{"embeddable":true,"href":"https:\/\/bambapolitica.com.mx\/index.php\/wp-json\/wp\/v2\/users\/3"}],"replies":[{"embeddable":true,"href":"https:\/\/bambapolitica.com.mx\/index.php\/wp-json\/wp\/v2\/comments?post=60837"}],"version-history":[{"count":1,"href":"https:\/\/bambapolitica.com.mx\/index.php\/wp-json\/wp\/v2\/posts\/60837\/revisions"}],"predecessor-version":[{"id":60838,"href":"https:\/\/bambapolitica.com.mx\/index.php\/wp-json\/wp\/v2\/posts\/60837\/revisions\/60838"}],"wp:attachment":[{"href":"https:\/\/bambapolitica.com.mx\/index.php\/wp-json\/wp\/v2\/media?parent=60837"}],"wp:term":[{"taxonomy":"category","embeddable":true,"href":"https:\/\/bambapolitica.com.mx\/index.php\/wp-json\/wp\/v2\/categories?post=60837"},{"taxonomy":"post_tag","embeddable":true,"href":"https:\/\/bambapolitica.com.mx\/index.php\/wp-json\/wp\/v2\/tags?post=60837"}],"curies":[{"name":"wp","href":"https:\/\/api.w.org\/{rel}","templated":true}]}}