{"id":60839,"date":"2023-06-25T14:11:12","date_gmt":"2023-06-25T20:11:12","guid":{"rendered":"http:\/\/bambapolitica.com.mx\/?p=60839"},"modified":"2023-06-25T14:11:26","modified_gmt":"2023-06-25T20:11:26","slug":"decenas-de-miles-de-la-comunidad-lgbt-y-aliados-exigen-justicia-y-respeto-a-sus-derechos","status":"publish","type":"post","link":"https:\/\/bambapolitica.com.mx\/index.php\/2023\/06\/25\/decenas-de-miles-de-la-comunidad-lgbt-y-aliados-exigen-justicia-y-respeto-a-sus-derechos\/","title":{"rendered":"Decenas de miles de la comunidad LGBT+ y aliados exigen justicia y respeto a sus derechos"},"content":{"rendered":"\n<p>Domingo 25 de junio 2023<\/p>\n\n\n\n<p>Organizaciones de defensa de derechos humanos, feministas y contra la discriminaci\u00f3n se pronunciaron ayer, en el contexto de la 45 Marcha del Orgullo LGBT+, por el fin de los discursos de odio, a favor de la diversidad y de los derechos reproductivos de mujeres lesbianas, trans y bisexuales.<\/p>\n\n\n\n<p>Uno de los sectores que ha abonado a la vulneraci\u00f3n de los derechos de este sector son los jueces, reconoci\u00f3 la presidenta de la Suprema Corte de Justicia de la Naci\u00f3n (SCJN), Norma Pi\u00f1a Hern\u00e1ndez. La impartici\u00f3n de \u201cjusticia no siempre ha estado\u201d de lado de las personas LGBT+; los juzgadores \u201chemos sido frecuentemente c\u00f3mplices de un sistema que causa dolor, miedo y sufrimiento\u201d.<\/p>\n\n\n\n<p>En un mensaje difundido en la cuenta de Twitter de la SCJN, Pi\u00f1a Hern\u00e1ndez, tambi\u00e9n presidenta del Consejo de la Judicatura Federal, llam\u00f3 a un cambio en el sistema de justicia: \u201cya no m\u00e1s, pongamos un alto infranqueable a las injusticias, violencias y discriminaci\u00f3n. Dig\u00e1moslo fuerte y claro, la diversidad humana no es una amenaza para la sociedad, la verdadera amenaza es la intolerancia, los discursos de odio y las violencias\u201d.<\/p>\n\n\n\n<p>Agencias de Naciones Unidas (ONU) sostuvieron que \u201cninguna persona debe ser discriminada ni violentada por su orientaci\u00f3n sexual\u201d y que \u201cnadie deber\u00eda temer ser quien es ni amar a quien ama\u201d.<\/p>\n\n\n\n<p>La Oficina en M\u00e9xico del Alto Comisionado para los Refugiados (Acnur) se\u00f1al\u00f3 que las personas LGBT+ forzadas a huir \u201ctienen derecho a vivir con seguridad y dignidad\u201d.<\/p>\n\n\n\n<p>A su vez, la Comisi\u00f3n Nacional de los Derechos Humanos (CNDH) destac\u00f3 que es necesario combatir las pr\u00e1cticas discriminatorias que la poblaci\u00f3n de la diversidad sexual enfrenta y garantizar el efectivo ejercicio de sus derechos.<\/p>\n\n\n\n<p>El Instituto Nacional de las Mujeres (Inmujeres) record\u00f3 que en el pa\u00eds, de acuerdo con la Encuesta Nacional sobre Diversidad Sexual y de G\u00e9nero (Endiseg 2021), 5 millones de personas se autoidentifican como LGBT+, es decir, una de cada 20.<\/p>\n\n\n\n<figure class=\"wp-block-image\"><img decoding=\"async\" src=\"https:\/\/www.jornada.com.mx\/ultimas\/2023\/06\/25\/decenas-de-miles-de-la-comunidad-lgbt-y-aliados-exigen-justicia-y-respeto-a-sus-derechos-5071.html\/cifras-2ok.jpg-9021.html\" alt=\"\"\/><\/figure>\n\n\n\n<p>Remarc\u00f3 que \u201ctodos los derechos deben ser garantizados para todas las personas. No m\u00e1s discursos de odio, porque M\u00e9xico es diverso\u201d.<\/p>\n\n\n\n<p>El Grupo de Informaci\u00f3n en Reproducci\u00f3n Elegida (GIRE) destac\u00f3 que las lesbianas pueden embarazarse y solicitar servicios de aborto, y que es su derecho recibir atenci\u00f3n a la salud reproductiva de acuerdo con sus necesidades.<\/p>\n\n\n\n<p>Subray\u00f3 que estas mujeres tambi\u00e9n tienen derecho a decidir embarazarse o no, a acceso a anticonceptivos sin estereotipos por su preferencia sexual y a vivir una vida libre de violencia obst\u00e9trica, as\u00ed como a recibir, si as\u00ed lo desean, t\u00e9cnicas de reproducci\u00f3n asistida como fertilizaci\u00f3n in vitro.<\/p>\n\n\n\n<p>El Consejo Nacional para Prevenir la Discriminaci\u00f3n (Conapred) resalt\u00f3, tambi\u00e9n en v\u00edsperas del 28 de junio, D\u00eda Internacional del Orgullo LGBT+, que los derechos de la diversidad sexual y de g\u00e9nero est\u00e1n fuertemente ligados a los principios de igualdad y no discriminaci\u00f3n, y tienen el objetivo de erradicar toda forma de intolerancia, odio y violencia hacia esta poblaci\u00f3n.<\/p>\n\n\n\n<p>Entre estas garant\u00edas est\u00e1n el derecho a la identidad y al libre desarrollo de la personalidad, matrimonios de personas del mismo sexo, el derecho a la seguridad social y a educaci\u00f3n sexual.<\/p>\n\n\n\n<p>La Endiseg detalla que de los 4.6 millones de personas que se autoidentifican como poblaci\u00f3n LGB+ la mayor\u00eda son bisexuales (51.7 por ciento), gay u homosexual (26.5 por ciento) y lesbianas (10.6 por ciento). El resto 11.2 por ciento dijo ser asexual, pansexual y demisexual, entre otros.<\/p>\n\n\n\n<p>En la comunidad hay m\u00e1s presencia de mujeres que de hombres, con base en el sexo asignado al nacer, 58.3 por ciento correspond\u00eda a personas femeninas y 41.7 por ciento a varones. La mayor parte de ellas y ellos descubrieron su orientaci\u00f3n o g\u00e9nero antes de los 7 a\u00f1os de edad.<\/p>\n\n\n\n<p><a href=\"https:\/\/www.jornada.com.mx\/notas\/2023\/06\/25\/politica\/decenas-de-miles-de-la-comunidad-lgbt-y-aliados-exigen-justicia-y-respeto-a-sus-derechos\/?from=page&amp;block=politica&amp;opt=articlelink\">https:\/\/www.jornada.com.mx\/notas\/2023\/06\/25\/politica\/decenas-de-miles-de-la-comunidad-lgbt-y-aliados-exigen-justicia-y-respeto-a-sus-derechos\/?from=page&amp;block=politica&amp;opt=articlelink<\/a><\/p>\n","protected":false},"excerpt":{"rendered":"<p>Domingo 25 de junio 2023 Organizaciones de defensa de derechos humanos, feministas y contra la&#8230;<\/p>\n","protected":false},"author":3,"featured_media":0,"comment_status":"closed","ping_status":"closed","sticky":false,"template":"","format":"standard","meta":{"footnotes":""},"categories":[4],"tags":[],"class_list":["post-60839","post","type-post","status-publish","format-standard","hentry","category-noticias-del-dia"],"_links":{"self":[{"href":"https:\/\/bambapolitica.com.mx\/index.php\/wp-json\/wp\/v2\/posts\/60839","targetHints":{"allow":["GET"]}}],"collection":[{"href":"https:\/\/bambapolitica.com.mx\/index.php\/wp-json\/wp\/v2\/posts"}],"about":[{"href":"https:\/\/bambapolitica.com.mx\/index.php\/wp-json\/wp\/v2\/types\/post"}],"author":[{"embeddable":true,"href":"https:\/\/bambapolitica.com.mx\/index.php\/wp-json\/wp\/v2\/users\/3"}],"replies":[{"embeddable":true,"href":"https:\/\/bambapolitica.com.mx\/index.php\/wp-json\/wp\/v2\/comments?post=60839"}],"version-history":[{"count":1,"href":"https:\/\/bambapolitica.com.mx\/index.php\/wp-json\/wp\/v2\/posts\/60839\/revisions"}],"predecessor-version":[{"id":60840,"href":"https:\/\/bambapolitica.com.mx\/index.php\/wp-json\/wp\/v2\/posts\/60839\/revisions\/60840"}],"wp:attachment":[{"href":"https:\/\/bambapolitica.com.mx\/index.php\/wp-json\/wp\/v2\/media?parent=60839"}],"wp:term":[{"taxonomy":"category","embeddable":true,"href":"https:\/\/bambapolitica.com.mx\/index.php\/wp-json\/wp\/v2\/categories?post=60839"},{"taxonomy":"post_tag","embeddable":true,"href":"https:\/\/bambapolitica.com.mx\/index.php\/wp-json\/wp\/v2\/tags?post=60839"}],"curies":[{"name":"wp","href":"https:\/\/api.w.org\/{rel}","templated":true}]}}