{"id":60842,"date":"2023-06-25T14:13:33","date_gmt":"2023-06-25T20:13:33","guid":{"rendered":"http:\/\/bambapolitica.com.mx\/?p=60842"},"modified":"2023-06-25T14:13:40","modified_gmt":"2023-06-25T20:13:40","slug":"es-tiempo-de-las-mujeres-claudia-sheinbaum-en-gira-por-queretaro","status":"publish","type":"post","link":"https:\/\/bambapolitica.com.mx\/index.php\/2023\/06\/25\/es-tiempo-de-las-mujeres-claudia-sheinbaum-en-gira-por-queretaro\/","title":{"rendered":"&#8216;Es tiempo de las mujeres&#8217;: Claudia Sheinbaum en gira por Quer\u00e9taro"},"content":{"rendered":"\n<p>Domingo 25 de junio 2023<\/p>\n\n\n\n<p>Los queretanos le entregaron el Bast\u00f3n de Mando y le cantaron Las Ma\u00f1anitas por ser su cumplea\u00f1os<\/p>\n\n\n\n<p><strong>Claudia Sheinbaum Pardo,<\/strong>&nbsp;exjefa de Gobierno de la Ciudad de M\u00e9xico,&nbsp;<strong>celebr\u00f3 este s\u00e1bado su cumplea\u00f1os n\u00famero 61 de gira por Quer\u00e9taro<\/strong>, donde recibi\u00f3 regalos por parte de los pueblos originarios de la regi\u00f3n.<\/p>\n\n\n\n<p><strong>La aspirante&nbsp;a coordinar los Comit\u00e9s en Defensa de la Cuarta Transformaci\u00f3n<\/strong>&nbsp;(4T) fue recibida con arreglos florales,&nbsp;danzas y una ceremonia tradicional, en la que&nbsp;<strong>el pueblo&nbsp;h\u00f1ah\u00f1u&nbsp;de Santiago Mexquititl\u00e1n le entreg\u00f3 el bast\u00f3n de mando<\/strong>&nbsp;por parte de la activista&nbsp;Macedonia Blas.&nbsp;&nbsp;<\/p>\n\n\n\n<p>Sus simpatizantes no perdieron la oportunidad y&nbsp;<strong>hasta le llevaron mariachi para cantarle Las Ma\u00f1anitas con motivo de su cumplea\u00f1os.<\/strong>&nbsp;Mientras que&nbsp;varios integrantes de los pueblos originarios le obsequiaron mu\u00f1ecas artesanales, batones, cuadros&nbsp;artesanales y hasta un pastel.<\/p>\n\n\n\n<figure class=\"wp-block-image\"><img decoding=\"async\" src=\"https:\/\/www.informador.mx\/export\/sites\/elinformador\/img\/2023\/06\/24\/queretaro_csp_x4x.jpg_347421144.jpg\" alt=\"\" title=\"\"\/><figcaption class=\"wp-element-caption\">Fue recibida por miles de seguidores. ESPECIAL<\/figcaption><\/figure>\n\n\n\n<p>En su discurso,&nbsp;<strong>Sheinbaum destac\u00f3 el proceso interno que est\u00e1 realizando Morena<\/strong>&nbsp;para definir al pr\u00f3ximo&nbsp;coordinador de&nbsp;los Comit\u00e9s en Defensa de la 4T y&nbsp;<strong>darle continuidad al proyecto iniciado<\/strong>&nbsp;por el Presidente Andr\u00e9s Manuel L\u00f3pez Obrador.&nbsp;<\/p>\n\n\n\n<p>Fue en ese momento cuando la exfuncionaria&nbsp;<strong>fue aclamada al grito de &#8220;Presidenta, presidenta, presidenta&#8221;&nbsp;<\/strong>a lo que respondi\u00f3 que va muy bien en las encuestas y asegur\u00f3 que &#8220;es tiempo de mujeres&#8221;.<\/p>\n\n\n\n<p><strong>&#8220;Una&nbsp; ni\u00f1a, una joven puede cumplir su sue\u00f1o.<\/strong>&nbsp;Las ni\u00f1as pueden ser presidentas municipales, ingenieras, abogadas:&nbsp;las j\u00f3venes y mujeres pueden ser&nbsp;<strong>electricistas, plomeras, bomberas, m\u00e9dicas, senadoras,<\/strong>&nbsp;diputadas, gobernadoras y presidentas de la Rep\u00fablica&#8221;, expres\u00f3.&nbsp;<\/p>\n\n\n\n<p>Adem\u00e1s, aprovech\u00f3\u00a0<strong>para enviar un mensaje al personal\u00a0de salud\u00a0<\/strong>que se manifest\u00f3 ayer en la Ciudad de M\u00e9xico, a quien asegur\u00f3 que el nuevo jefe de Gobierno, Mart\u00ed Batres, se est\u00e1 encargando de la\u00a0<strong>basificaci\u00f3n en las diversas instituciones de salud\u00a0<\/strong>de la capital.<\/p>\n\n\n\n<p><a href=\"https:\/\/www.informador.mx\/mexico\/Claudia-Sheinbaum-Es-tiempo-de-las-mujeres-Exjefa-de-Gobierno-de-la-CDMX-en-gira-por-Queretaro-20230624-0082.html\">https:\/\/www.informador.mx\/mexico\/Claudia-Sheinbaum-Es-tiempo-de-las-mujeres-Exjefa-de-Gobierno-de-la-CDMX-en-gira-por-Queretaro-20230624-0082.html<\/a><\/p>\n","protected":false},"excerpt":{"rendered":"<p>Domingo 25 de junio 2023 Los queretanos le entregaron el Bast\u00f3n de Mando y le&#8230;<\/p>\n","protected":false},"author":3,"featured_media":0,"comment_status":"closed","ping_status":"closed","sticky":false,"template":"","format":"standard","meta":{"footnotes":""},"categories":[4],"tags":[],"class_list":["post-60842","post","type-post","status-publish","format-standard","hentry","category-noticias-del-dia"],"_links":{"self":[{"href":"https:\/\/bambapolitica.com.mx\/index.php\/wp-json\/wp\/v2\/posts\/60842","targetHints":{"allow":["GET"]}}],"collection":[{"href":"https:\/\/bambapolitica.com.mx\/index.php\/wp-json\/wp\/v2\/posts"}],"about":[{"href":"https:\/\/bambapolitica.com.mx\/index.php\/wp-json\/wp\/v2\/types\/post"}],"author":[{"embeddable":true,"href":"https:\/\/bambapolitica.com.mx\/index.php\/wp-json\/wp\/v2\/users\/3"}],"replies":[{"embeddable":true,"href":"https:\/\/bambapolitica.com.mx\/index.php\/wp-json\/wp\/v2\/comments?post=60842"}],"version-history":[{"count":1,"href":"https:\/\/bambapolitica.com.mx\/index.php\/wp-json\/wp\/v2\/posts\/60842\/revisions"}],"predecessor-version":[{"id":60843,"href":"https:\/\/bambapolitica.com.mx\/index.php\/wp-json\/wp\/v2\/posts\/60842\/revisions\/60843"}],"wp:attachment":[{"href":"https:\/\/bambapolitica.com.mx\/index.php\/wp-json\/wp\/v2\/media?parent=60842"}],"wp:term":[{"taxonomy":"category","embeddable":true,"href":"https:\/\/bambapolitica.com.mx\/index.php\/wp-json\/wp\/v2\/categories?post=60842"},{"taxonomy":"post_tag","embeddable":true,"href":"https:\/\/bambapolitica.com.mx\/index.php\/wp-json\/wp\/v2\/tags?post=60842"}],"curies":[{"name":"wp","href":"https:\/\/api.w.org\/{rel}","templated":true}]}}