{"id":60844,"date":"2023-06-25T14:14:38","date_gmt":"2023-06-25T20:14:38","guid":{"rendered":"http:\/\/bambapolitica.com.mx\/?p=60844"},"modified":"2023-06-25T14:21:19","modified_gmt":"2023-06-25T20:21:19","slug":"3-hombres-por-doble-homicidio-en-chimalhuacan-fueron-detenidos","status":"publish","type":"post","link":"https:\/\/bambapolitica.com.mx\/index.php\/2023\/06\/25\/3-hombres-por-doble-homicidio-en-chimalhuacan-fueron-detenidos\/","title":{"rendered":"3 HOMBRES POR DOBLE HOMICIDIO EN CHIMALHUAC\u00c1N FUERON DETENIDOS"},"content":{"rendered":"\n<p>Domingo 23 de junio 2023<\/p>\n\n\n\n<p>La Fiscal\u00eda General de Justicia estatal (FGJEM) acredit\u00f3 la probable intervenci\u00f3n de Alex Iv\u00e1n \u201cN\u201d, Luis Alberto \u201cN\u201d y Janine Ana\u00eds \u201cN\u201d, presuntos integrantes de una c\u00e9lula delictiva vinculada a una organizaci\u00f3n delincuencial con or\u00edgenes en Jalisco, en el delito de homicidio en agravio de dos personas, por lo que fueron vinculados a proceso.<\/p>\n\n\n\n<p>De acuerdo con la investigaci\u00f3n de la FGJEM, el 20 de febrero de 2021, las dos v\u00edctimas se encontraban ingiriendo bebidas alcoh\u00f3licas en un establecimiento ubicado en la calle Ignacio Manuel Altamirano, de la colonia Progreso de Oriente, en el municipio de Chimalhuac\u00e1n, lugar al que arribaron los ahora detenidos y otro sujeto, a bordo de dos motocicletas. Tres de los implicados habr\u00edan agredido verbalmente a estas personas y luego detonaron armas de fuego en su contra, ocasion\u00e1ndoles la muerte, para despu\u00e9s huir.<\/p>\n\n\n\n<p>Tras tener conocimiento de este doble homicidio, la FGJEM inici\u00f3 la investigaci\u00f3n correspondiente y con los trabajos de investigaci\u00f3n de gabinete y campo fue posible identificar a estas tres personas como probables responsables de la agresi\u00f3n.<\/p>\n\n\n\n<p>Alex Iv\u00e1n \u201cN\u201d, Luis Alberto \u201cN\u201d y Janine Ana\u00eds \u201cN\u201d, fueron detenidos por elementos de la Polic\u00eda de Investigaci\u00f3n (PDI), como parte de acciones realizadas en combate, investigaci\u00f3n y persecuci\u00f3n del delito de homicidio en la regi\u00f3n oriente de la entidad.<\/p>\n\n\n\n<p>De las indagatorias realizadas por esta Instituci\u00f3n fue posible determinar que estas tres personas al parecer eran generadoras de violencia, ya que presuntamente pertenec\u00edan a una organizaci\u00f3n delictiva con or\u00edgenes en Jalisco.<\/p>\n\n\n\n<p>Adem\u00e1s del delito por el cual fueron vinculados a proceso, la Fiscal\u00eda estatal contin\u00faa con las indagatorias a fin de poderlos relacionar con otros homicidios ocurridos en municipios de esta regi\u00f3n del Edom\u00e9x, sin embargo, deben ser considerados inocentes hasta que sea dictada una sentencia condenatoria en su contra.<\/p>\n\n\n\n<p>A los detenidos se les debe considerar inocentes hasta que sea dictada una sentencia condenatoria en su contra.<\/p>\n\n\n\n<figure class=\"wp-block-embed is-type-wp-embed is-provider-reporteros-en-movimiento wp-block-embed-reporteros-en-movimiento\"><div class=\"wp-block-embed__wrapper\">\n<blockquote class=\"wp-embedded-content\" data-secret=\"gIuiOXsrJC\"><a href=\"https:\/\/reporterosenmovimiento.com\/2023\/06\/24\/3-hombres-por-doble-homicidio-en-chimalhuacan-fueron-detenidos\/\">3 HOMBRES POR DOBLE HOMICIDIO EN CHIMALHUAC\u00c1N FUERON DETENIDOS<\/a><\/blockquote><iframe loading=\"lazy\" class=\"wp-embedded-content\" sandbox=\"allow-scripts\" security=\"restricted\" style=\"position: absolute; visibility: hidden;\" title=\"\u00ab3 HOMBRES POR DOBLE HOMICIDIO EN CHIMALHUAC\u00c1N FUERON DETENIDOS\u00bb \u2014 Reporteros en Movimiento\" src=\"https:\/\/reporterosenmovimiento.com\/2023\/06\/24\/3-hombres-por-doble-homicidio-en-chimalhuacan-fueron-detenidos\/embed\/#?secret=d0YvNd8uRp#?secret=gIuiOXsrJC\" data-secret=\"gIuiOXsrJC\" width=\"600\" height=\"338\" frameborder=\"0\" marginwidth=\"0\" marginheight=\"0\" scrolling=\"no\"><\/iframe>\n<\/div><\/figure>\n","protected":false},"excerpt":{"rendered":"<p>Domingo 23 de junio 2023 La Fiscal\u00eda General de Justicia estatal (FGJEM) acredit\u00f3 la probable&#8230;<\/p>\n","protected":false},"author":3,"featured_media":0,"comment_status":"closed","ping_status":"closed","sticky":false,"template":"","format":"standard","meta":{"footnotes":""},"categories":[4],"tags":[],"class_list":["post-60844","post","type-post","status-publish","format-standard","hentry","category-noticias-del-dia"],"_links":{"self":[{"href":"https:\/\/bambapolitica.com.mx\/index.php\/wp-json\/wp\/v2\/posts\/60844","targetHints":{"allow":["GET"]}}],"collection":[{"href":"https:\/\/bambapolitica.com.mx\/index.php\/wp-json\/wp\/v2\/posts"}],"about":[{"href":"https:\/\/bambapolitica.com.mx\/index.php\/wp-json\/wp\/v2\/types\/post"}],"author":[{"embeddable":true,"href":"https:\/\/bambapolitica.com.mx\/index.php\/wp-json\/wp\/v2\/users\/3"}],"replies":[{"embeddable":true,"href":"https:\/\/bambapolitica.com.mx\/index.php\/wp-json\/wp\/v2\/comments?post=60844"}],"version-history":[{"count":1,"href":"https:\/\/bambapolitica.com.mx\/index.php\/wp-json\/wp\/v2\/posts\/60844\/revisions"}],"predecessor-version":[{"id":60845,"href":"https:\/\/bambapolitica.com.mx\/index.php\/wp-json\/wp\/v2\/posts\/60844\/revisions\/60845"}],"wp:attachment":[{"href":"https:\/\/bambapolitica.com.mx\/index.php\/wp-json\/wp\/v2\/media?parent=60844"}],"wp:term":[{"taxonomy":"category","embeddable":true,"href":"https:\/\/bambapolitica.com.mx\/index.php\/wp-json\/wp\/v2\/categories?post=60844"},{"taxonomy":"post_tag","embeddable":true,"href":"https:\/\/bambapolitica.com.mx\/index.php\/wp-json\/wp\/v2\/tags?post=60844"}],"curies":[{"name":"wp","href":"https:\/\/api.w.org\/{rel}","templated":true}]}}