{"id":60847,"date":"2023-06-25T14:20:17","date_gmt":"2023-06-25T20:20:17","guid":{"rendered":"http:\/\/bambapolitica.com.mx\/?p=60847"},"modified":"2023-06-25T14:20:21","modified_gmt":"2023-06-25T20:20:21","slug":"se-estan-quedando-atras-ebrard-reacciono-al-metodo-de-la-oposicion-para-elegir-a-su-candidato-presidencial","status":"publish","type":"post","link":"https:\/\/bambapolitica.com.mx\/index.php\/2023\/06\/25\/se-estan-quedando-atras-ebrard-reacciono-al-metodo-de-la-oposicion-para-elegir-a-su-candidato-presidencial\/","title":{"rendered":"\u201cSe est\u00e1n quedando atr\u00e1s\u201d: Ebrard reaccion\u00f3 al m\u00e9todo de la oposici\u00f3n para elegir a su candidato presidencial"},"content":{"rendered":"\n<p>Domingo 25 de junio 2023<\/p>\n\n\n\n<h2 class=\"wp-block-heading\">Para el excanciller el bloque opositor \u201cya lleva rato atr\u00e1s\u201d en la definici\u00f3n de su candidato con miras al proceso electoral del pr\u00f3ximo a\u00f1o<\/h2>\n\n\n\n<p>Ante el anuncio de la alianza&nbsp;<a href=\"https:\/\/www.infobae.com\/mexico\/2023\/06\/24\/con-solvencia-moral-y-buena-fama-pan-fijo-condiciones-para-elegir-a-su-presidenciable-2024\/\" target=\"_blank\" rel=\"noreferrer noopener\"><strong>\u201cVa por M\u00e9xico\u201d<\/strong><\/a>&nbsp;sobre la ruta que habr\u00e1 de seguir para definir a su candidato presidencial,&nbsp;<strong>Marcelo Ebrard&nbsp;<\/strong>afirm\u00f3 que la&nbsp;<strong>oposici\u00f3n \u201cse est\u00e1 quedando atr\u00e1s\u201d.<\/strong><\/p>\n\n\n\n<figure class=\"wp-block-image\"><img decoding=\"async\" src=\"https:\/\/cloudfront-us-east-1.images.arcpublishing.com\/infobae\/IMHJK2MYYFH55O5OZLTS47C27Y.jpg\" alt=\"El dirigente del PRI anunci\u00f3 nueva denuncia contra Morena (Cuartoscuro)\"\/><\/figure>\n\n\n\n<p>Aunque el aspirante a la candidatura presidencial del Movimiento Regeneraci\u00f3n Nacional (Morena)\u00a0<strong>salud\u00f3 el m\u00e9todo del bloque opositor,<\/strong>\u00a0consider\u00f3 que\u00a0<strong>\u201cya llevan rato atr\u00e1s\u201d<\/strong>\u00a0en la definici\u00f3n formal de sus tiempos para elegir al nombre de quien llevar\u00e1n en la boleta en las elecciones de 2024.<\/p>\n\n\n\n<p><strong>\u201cSe est\u00e1n quedando atr\u00e1s en muchos sentidos<\/strong>&nbsp;y, bueno, tienen todo el derecho de hacer el proceso que consideren, no s\u00f3lo porque hagan o no hagan el proceso, sino tambi\u00e9n por las posiciones pol\u00edticas que han adoptado, pero bueno, si lo quieren hacer bienvenidos.&nbsp;<strong>Se est\u00e1n quedando atr\u00e1s, ya llevan rato atr\u00e1s\u201d,&nbsp;<\/strong>afirm\u00f3 el excanciller tras encabezar un evento en Puerto Vallarta,&nbsp;<a href=\"https:\/\/www.infobae.com\/mexico\/2023\/06\/22\/suman-6-muertos-y-21-heridos-por-choque-multiple-en-la-autopista-zapotlanejo-lagos-de-moreno-jalisco\/\" target=\"_blank\" rel=\"noreferrer noopener\"><strong>Jalisco.<\/strong><\/a><\/p>\n\n\n\n<p><img loading=\"lazy\" decoding=\"async\" alt=\"El excanciller Marcelo Ebrard, junto a su esposa, la economista Rosalinda Bueso (izq.), durante una asamblea en Puerto Vallarta. Foto: Twitter, @m_ebrard\" height=\"517\" width=\"792\" class=\"\" src=\"https:\/\/cloudfront-us-east-1.images.arcpublishing.com\/infobae\/3HLFNW6F7NDFFEQ5EFKDIWROFE.jpg\" srcset=\"https:\/\/www.infobae.com\/new-resizer\/BQgJpgS9uB5Dfo-FznN1im1CVKI=\/420x280\/filters:format(webp):quality(85)\/cloudfront-us-east-1.images.arcpublishing.com\/infobae\/3HLFNW6F7NDFFEQ5EFKDIWROFE.jpg 420w,https:\/\/www.infobae.com\/new-resizer\/JdF8QVz8MqOBCzr3nmS8mpSNgPA=\/768x512\/filters:format(webp):quality(85)\/cloudfront-us-east-1.images.arcpublishing.com\/infobae\/3HLFNW6F7NDFFEQ5EFKDIWROFE.jpg 768w,https:\/\/www.infobae.com\/new-resizer\/cDUGspwLFZWenxbo8SmEcWTnwf8=\/992x661\/filters:format(webp):quality(85)\/cloudfront-us-east-1.images.arcpublishing.com\/infobae\/3HLFNW6F7NDFFEQ5EFKDIWROFE.jpg 992w,https:\/\/www.infobae.com\/new-resizer\/J-Xxn4U9irfj_-Q_yynvCZLo1Fc=\/1200x800\/filters:format(webp):quality(85)\/cloudfront-us-east-1.images.arcpublishing.com\/infobae\/3HLFNW6F7NDFFEQ5EFKDIWROFE.jpg 1200w,https:\/\/www.infobae.com\/new-resizer\/l9pUU2-yTa4unAWVyqlDHZQIOaQ=\/1440x960\/filters:format(webp):quality(85)\/cloudfront-us-east-1.images.arcpublishing.com\/infobae\/3HLFNW6F7NDFFEQ5EFKDIWROFE.jpg 1440w\">El excanciller Marcelo Ebrard, junto a su esposa, la economista Rosalinda Bueso (izq.), durante una asamblea en Puerto Vallarta. Foto: Twitter, @m_ebrard<\/p>\n\n\n\n<h2 class=\"wp-block-heading\">Oposici\u00f3n fija condiciones para elegir a su presidenciable<\/h2>\n\n\n\n<p>El s\u00e1bado pasado, los partidos Acci\u00f3n Nacional (PAN), Revolucionario Institucional (PRI) y de la Revoluci\u00f3n Democr\u00e1tica (PRD),\u00a0<strong>avalaron el m\u00e9todo para elegir a su abanderado<\/strong>\u00a0de cara a los pr\u00f3ximos comicios presidenciales.<\/p>\n\n\n\n<p>De acuerdo con fuentes del diario espa\u00f1ol&nbsp;<em>El Pa\u00eds,<\/em>&nbsp;la coalici\u00f3n obtuvo la&nbsp;<strong>aprobaci\u00f3n de sus \u00f3rganos internos<\/strong>&nbsp;a la estrategia que contemplar\u00eda la recolecci\u00f3n de firmas, encuesta y elecciones primarias.<\/p>\n\n\n\n<p>En sesi\u00f3n extraordinaria, Acci\u00f3n Nacional determin\u00f3 aplicar un&nbsp;<strong>m\u00e9todo de selecci\u00f3n \u201cen el que se utilicen,<\/strong>&nbsp;entre otros,&nbsp;<strong>factores de medici\u00f3n<\/strong>&nbsp;que aporten elementos para concluir que la postulaci\u00f3n del perfil representa las mejores posibilidades de triunfo\u201d.<\/p>\n\n\n\n<p>As\u00ed, las y los interesados en participar como aspirantes a la candidatura deber\u00e1n juntar y presentar&nbsp;<strong>150 mil firmas,<\/strong>&nbsp;para formar un padr\u00f3n de electores y avanzar en las siguientes etapas de selecci\u00f3n.<\/p>\n\n\n\n<p>Entre otros filtros, se contempla la&nbsp;<strong>aplicaci\u00f3n de encuestas,&nbsp;<\/strong>con lineamientos a\u00fan por definir, debates y comicios internos entre los perfiles m\u00e1s destacados, que deber\u00e1n contar con&nbsp;<strong>\u201csolvencia moral\u201d y \u201cbuena fama\u201d p\u00fablica<\/strong>,capacidad de gobernar y generar las condiciones para la existencia de gobiernos de coalici\u00f3n.<\/p>\n\n\n\n<figure class=\"wp-block-image\"><img decoding=\"async\" src=\"https:\/\/cloudfront-us-east-1.images.arcpublishing.com\/infobae\/RTRZ3YWICJCPDDYAQWQMR756VM.jpg\" alt=\"infobae\"\/><\/figure>\n\n\n\n<p>Adem\u00e1s, de la mano con la sociedad civil y otras fuerzas pol\u00edticas, prev\u00e9n implementar\u00a0<strong>mecanismos consultivos<\/strong>\u00a0conjuntos para construir una agenda pol\u00edtica de cara a las elecciones del pr\u00f3ximo a\u00f1o.<\/p>\n\n\n\n<p>Paralelamente, el Consejo Pol\u00edtico Nacional del PRI aprob\u00f3, de manera un\u00e1nime, la creaci\u00f3n de un&nbsp;<strong>Consejo T\u00e9cnico Consultivo&nbsp;<\/strong>y los mecanismos de consulta para participar en la construcci\u00f3n de un&nbsp;<strong>Frente Amplio Opositor.<\/strong><\/p>\n\n\n\n<p>Por su parte, el&nbsp;<strong>PRD<\/strong>&nbsp;<strong>buscar\u00e1 a su candidato a trav\u00e9s de una consulta ciudadana,<\/strong>&nbsp;con un Consejo Consultivo Permanente de Pol\u00edtica Estrat\u00e9gica \u201cpara construir una agenda pol\u00edtica y plataforma electoral rumbo a las elecciones del 2024\u2033, seg\u00fan tuite\u00f3 el dirigente del partido,&nbsp;<strong>Jes\u00fas Zambrano.<\/strong><\/p>\n\n\n\n<p>Sin embargo, se espera que el&nbsp;<strong>anuncio oficial,<\/strong>&nbsp;as\u00ed como el resto de los detalles, suceda el&nbsp;<strong>pr\u00f3ximo lunes 26 de junio.<\/strong><\/p>\n\n\n\n<h2 class=\"wp-block-heading\">Oposici\u00f3n \u201cest\u00e1 en la lona\u201d, dice Mario Delgado<\/h2>\n\n\n\n<p>En tanto, el dirigente nacional de Morena,&nbsp;<strong>Mario Delgado,<\/strong>&nbsp;afirm\u00f3 que la&nbsp;<strong>oposici\u00f3n \u201cest\u00e1 en la lona, derrotada y sin liderazgos\u201d,&nbsp;<\/strong>mientras que su partido tiene claro tanto a sus candidatos como el proceso de selecci\u00f3n rumbo al 2024.<\/p>\n\n\n\n<p>Luego de que \u201cVa por M\u00e9xico\u201d aprob\u00f3 el m\u00e9todo de selecci\u00f3n de su abanderado, el l\u00edder guinda se\u00f1al\u00f3 que la&nbsp;<strong>oposici\u00f3n \u201cs\u00f3lo tiene como objetivo que regrese la corrupci\u00f3n,<\/strong>&nbsp;que regrese el saqueo de los bienes nacionales&nbsp;y&nbsp;que regrese el privilegio de unos cuantos sobre la mayor\u00eda\u201d.<\/p>\n\n\n\n<p>\u201cHoy la oposici\u00f3n est\u00e1 en la lona, est\u00e1 derrotada, no tienen liderazgos, no tienen idea y, por supuesto,&nbsp;<strong>no tienen proyecto de pa\u00eds.<\/strong>&nbsp;La suya es una alianza de intereses y de complicidad, pues son responsables de la degradaci\u00f3n que han sufrido varias generaciones, pero afortunadamente&nbsp;<strong>esta coalici\u00f3n ha venido quedando en el pasado\u201d,<\/strong>&nbsp;manifest\u00f3 a trav\u00e9s de un comunicado.<\/p>\n\n\n\n<p><img loading=\"lazy\" decoding=\"async\" alt=\"El dirigente nacional de Morena, Mario Delgado. Foto: Especial\" height=\"853\" width=\"1280\" class=\"\" src=\"https:\/\/cloudfront-us-east-1.images.arcpublishing.com\/infobae\/TFWIPCACIFFE3G5GGIHHLFWUOY.jpg\" srcset=\"https:\/\/www.infobae.com\/new-resizer\/G4ogxU1pNVCENFyUBlFu6J97KVI=\/420x280\/filters:format(webp):quality(85)\/cloudfront-us-east-1.images.arcpublishing.com\/infobae\/TFWIPCACIFFE3G5GGIHHLFWUOY.jpg 420w,https:\/\/www.infobae.com\/new-resizer\/-4LTozYKfiyAJHBo9WKSYk4XIJI=\/768x512\/filters:format(webp):quality(85)\/cloudfront-us-east-1.images.arcpublishing.com\/infobae\/TFWIPCACIFFE3G5GGIHHLFWUOY.jpg 768w,https:\/\/www.infobae.com\/new-resizer\/4-lnLTA11vKf4IfkUgtxg9yvcWo=\/992x661\/filters:format(webp):quality(85)\/cloudfront-us-east-1.images.arcpublishing.com\/infobae\/TFWIPCACIFFE3G5GGIHHLFWUOY.jpg 992w,https:\/\/www.infobae.com\/new-resizer\/9VXSTJNqSw1FTZF-MQKERPsugs8=\/1200x800\/filters:format(webp):quality(85)\/cloudfront-us-east-1.images.arcpublishing.com\/infobae\/TFWIPCACIFFE3G5GGIHHLFWUOY.jpg 1200w,https:\/\/www.infobae.com\/new-resizer\/czBwQDcllY-3XzZvnsfhZK7I5RI=\/1440x960\/filters:format(webp):quality(85)\/cloudfront-us-east-1.images.arcpublishing.com\/infobae\/TFWIPCACIFFE3G5GGIHHLFWUOY.jpg 1440w\">El dirigente nacional de Morena, Mario Delgado. Foto: Especial<\/p>\n\n\n\n<h2 class=\"wp-block-heading\">Ebrard confirma asistencia a mitin de AMLO<\/h2>\n\n\n\n<p>Por otra parte, Ebrard Casaub\u00f3n&nbsp;<strong>reiter\u00f3 que asistir\u00e1 a la \u201cfiesta\u201d en el Z\u00f3calo de la Ciudad de M\u00e9xico&nbsp;<\/strong>convocada por el&nbsp;<a href=\"https:\/\/www.infobae.com\/mexico\/2023\/06\/20\/lopez-obrador-anuncia-fiesta-en-el-zocalo-por-quinto-aniversario-del-triunfo-de-la-4t\/\" target=\"_blank\" rel=\"noreferrer noopener\"><strong>Presidente Andr\u00e9s Manuel L\u00f3pez Obrador<\/strong><\/a><strong>,&nbsp;<\/strong>para el pr\u00f3ximo 1 de julio, con el objetivo de conmemorar cinco a\u00f1os del triunfo de la llamada Cuarta Transformaci\u00f3n.<\/p>\n\n\n\n<p><strong>\u201cS\u00ed, porque nos invit\u00f3. Vamos a estar ah\u00ed.<\/strong>&nbsp;Ya les dije a mis compa\u00f1eros que no se trata de hacer porras, sino de apoyar. Es la conmemoraci\u00f3n del triunfo y los avances logrados\u201d, afirm\u00f3 desde la cancha de baloncesto de la Unidad Deportiva de Agust\u00edn Flores Contreras.<\/p>\n\n\n\n<p>En d\u00edas pasados, el extitular de la Secretar\u00eda de Relaciones Exteriores&nbsp;<a href=\"https:\/\/www.infobae.com\/mexico\/2023\/06\/13\/alicia-barcena-agradecio-nombramiento-al-frente-de-la-sre-un-proyecto-digno-e-igualitario-de-la-4t\/\" target=\"_blank\" rel=\"noreferrer noopener\"><strong>(SRE)<\/strong><\/a>&nbsp;<strong>adelant\u00f3 su presencia para \u201cechar porras\u201d&nbsp;<\/strong>a L\u00f3pez Obrador; adem\u00e1s, anticip\u00f3 que pedir\u00e1 a sus simpatizantes que se abstengan de&nbsp;<strong>manifestar consignas en apoyo a sus aspiraciones&nbsp;<\/strong>presidenciales.<\/p>\n\n\n\n<p>Un d\u00eda antes, el 30 de junio, Ebrard viajar\u00e1 a Miami para\u00a0<strong>sostener una reuni\u00f3n con la comunidad mexicana<\/strong>\u00a0\u201cy me regreso para llegar a tiempo al Z\u00f3calo\u201d.<\/p>\n\n\n\n<p><a href=\"https:\/\/www.infobae.com\/mexico\/2023\/06\/25\/se-estan-quedando-atras-ebrard-reacciono-al-metodo-de-la-oposicion-para-elegir-a-su-candidato-presidencial\/\">https:\/\/www.infobae.com\/mexico\/2023\/06\/25\/se-estan-quedando-atras-ebrard-reacciono-al-metodo-de-la-oposicion-para-elegir-a-su-candidato-presidencial\/<\/a><\/p>\n","protected":false},"excerpt":{"rendered":"<p>Domingo 25 de junio 2023 Para el excanciller el bloque opositor \u201cya lleva rato atr\u00e1s\u201d&#8230;<\/p>\n","protected":false},"author":3,"featured_media":0,"comment_status":"closed","ping_status":"closed","sticky":false,"template":"","format":"standard","meta":{"footnotes":""},"categories":[4],"tags":[],"class_list":["post-60847","post","type-post","status-publish","format-standard","hentry","category-noticias-del-dia"],"_links":{"self":[{"href":"https:\/\/bambapolitica.com.mx\/index.php\/wp-json\/wp\/v2\/posts\/60847","targetHints":{"allow":["GET"]}}],"collection":[{"href":"https:\/\/bambapolitica.com.mx\/index.php\/wp-json\/wp\/v2\/posts"}],"about":[{"href":"https:\/\/bambapolitica.com.mx\/index.php\/wp-json\/wp\/v2\/types\/post"}],"author":[{"embeddable":true,"href":"https:\/\/bambapolitica.com.mx\/index.php\/wp-json\/wp\/v2\/users\/3"}],"replies":[{"embeddable":true,"href":"https:\/\/bambapolitica.com.mx\/index.php\/wp-json\/wp\/v2\/comments?post=60847"}],"version-history":[{"count":1,"href":"https:\/\/bambapolitica.com.mx\/index.php\/wp-json\/wp\/v2\/posts\/60847\/revisions"}],"predecessor-version":[{"id":60848,"href":"https:\/\/bambapolitica.com.mx\/index.php\/wp-json\/wp\/v2\/posts\/60847\/revisions\/60848"}],"wp:attachment":[{"href":"https:\/\/bambapolitica.com.mx\/index.php\/wp-json\/wp\/v2\/media?parent=60847"}],"wp:term":[{"taxonomy":"category","embeddable":true,"href":"https:\/\/bambapolitica.com.mx\/index.php\/wp-json\/wp\/v2\/categories?post=60847"},{"taxonomy":"post_tag","embeddable":true,"href":"https:\/\/bambapolitica.com.mx\/index.php\/wp-json\/wp\/v2\/tags?post=60847"}],"curies":[{"name":"wp","href":"https:\/\/api.w.org\/{rel}","templated":true}]}}