{"id":60850,"date":"2023-06-25T14:25:01","date_gmt":"2023-06-25T20:25:01","guid":{"rendered":"http:\/\/bambapolitica.com.mx\/?p=60850"},"modified":"2023-06-25T14:25:04","modified_gmt":"2023-06-25T20:25:04","slug":"entraran-445-litros-de-agua-por-segundo-la-siguiente-semana-a-cdmx","status":"publish","type":"post","link":"https:\/\/bambapolitica.com.mx\/index.php\/2023\/06\/25\/entraran-445-litros-de-agua-por-segundo-la-siguiente-semana-a-cdmx\/","title":{"rendered":"Entrar\u00e1n 445 litros de agua por segundo la siguiente semana a CDMX"},"content":{"rendered":"\n<p>Domingo 25 de junio 2023<\/p>\n\n\n\n<h3 class=\"wp-block-heading\">Esto ser\u00e1 posible por la rehabilitaci\u00f3n de 10 pozos, se\u00f1al el coordinador del Sistema de Aguas capitalino, Rafael Carmona<\/h3>\n\n\n\n<p><strong>La pr\u00f3xima semana entrar\u00e1n a la Ciudad de M\u00e9xico 445 litros por segundo adicionales de agua<\/strong>&nbsp;con la rehabilitaci\u00f3n de 10 pozos, as\u00ed como&nbsp;<strong>64 litros por segundo adicionales de pozos industriales<\/strong>&nbsp;que a\u00fan est\u00e1n por ser conectados, y&nbsp;<strong>110 litros por segundo m\u00e1s de la aportaci\u00f3n de tres pozos<\/strong>&nbsp;en el Aeropuerto Internacional Felipe \u00c1ngeles.<\/p>\n\n\n\n<p>El Coordinador General del&nbsp;<strong>Sistema de Aguas de la Ciudad de M\u00e9xico, Rafael Bernardo Carmona<\/strong>&nbsp;Paredes, detall\u00f3 que este \u00faltimo punto lo llevan en coordinaci\u00f3n con la Comisi\u00f3n Nacional del Agua y con la&nbsp;<strong>Comisi\u00f3n de Aguas del Estado de M\u00e9xico.<\/strong><\/p>\n\n\n\n<p>\u201cTodas las empresas que fueron programadas para conectar hasta antes de esta fecha, ya lo han hecho. Y tendremos el faltante en n\u00famero de litros por segundo que estaremos recibiendo entre esta semana y la pr\u00f3xima semana, con la incorporaci\u00f3n del agua que est\u00e1n aportando estas empresas. Entonces, ese es un esquema que hemos venido llevando y que continuaremos\u201d, explic\u00f3.<\/p>\n\n\n\n<h2 class=\"wp-block-heading\"><strong>Combatir la ola de calor<\/strong><\/h2>\n\n\n\n<p>El objetivo es poder contender contra esta condici\u00f3n de muy elevada temperatura en este mes de junio.<\/p>\n\n\n\n<p><strong>La ola de calor que inici\u00f3 el 1 de junio, provoc\u00f3 r\u00e9cord de altas temperaturas en el pa\u00eds. La Ciudad de M\u00e9xico lleg\u00f3 a los 33.6 grados<\/strong>, de acuerdo con el Servicio Meteorol\u00f3gico Nacional.<\/p>\n\n\n\n<p>\u201cEn 2022 se registraron 25.6 grados Celsius promedio, y en 2023, 31.1 grados Celsius, tenemos entre 6 y 8 grados m\u00e1s que los que tuvimos en los dos meses anteriores. Esta condici\u00f3n es una condici\u00f3n totalmente at\u00edpica, irregular, para los meses de mayo y comparado con el a\u00f1o anterior, que son los 6 grados adicionales\u201d.<\/p>\n\n\n\n<p>El funcionario detall\u00f3 que las temperaturas m\u00e1s altas se tienen en la parte norte oriente de la ciudad, sobre todo en las que corresponden a la Sierra de Guadalupe, en la Alcald\u00eda Gustavo A. Madero.<\/p>\n\n\n\n<p>\u201cDesde marzo de este a\u00f1o, cuando ten\u00edamos encima el problema de retenci\u00f3n de agua por los riegos en Lerma, iniciamos una campa\u00f1a de incremento de producci\u00f3n de agua para ingresar a la red. Hemos superado lo que hab\u00edamos considerado posible para ingresar m\u00e1s agua a la red y seguiremos trabajando en la rehabilitaci\u00f3n de pozos que ahora est\u00e1n fuera de servicio\u201d.<\/p>\n\n\n\n<p>Carmona Paredes coment\u00f3 que tambi\u00e9n trabajan en la atenci\u00f3n al sistema el\u00e9ctrico que les permitir\u00e1 tener una operaci\u00f3n con menos interrupciones.<\/p>\n\n\n\n<p>\u201cCada vez que hay una variaci\u00f3n de voltaje en el suministro de energ\u00eda el\u00e9ctrica, salen de operaci\u00f3n varios pozos, de tal forma que la atenci\u00f3n a la red del suministro el\u00e9ctrico es de primera importancia para reducir esas interrupciones y mantener la m\u00e1xima producci\u00f3n de agua, tanto en los pozos de nuestra ciudad como los que operamos en el Sistema Lerma\u201d.<\/p>\n\n\n\n<p>De igual forma, mencion\u00f3 que se lleva a cabo la revisi\u00f3n, con el \u00e1rea operativa, de las acciones m\u00e1s importantes para poder tomar decisiones diarias del buen manejo, del mejor manejo posible de la red, con lo que deben garantizar la mejor equidad posible en la distribuci\u00f3n del agua que tenemos disponible.<\/p>\n\n\n\n<p>\u201cRevisamos horas de servicio por ramal, revisamos la programaci\u00f3n de labores de mantenimiento, las incidencias por faltas de energ\u00eda el\u00e9ctrica, los operativos de emergencia como es el reforzamiento de entrega de agua a trav\u00e9s de pipas. Y acciones puntuales que, repito, d\u00eda con d\u00eda llevamos a cabo para poder dar el mejor servicio posible y, sobre todo, atender esta coyuntura de las altas temperaturas que estamos viviendo\u201d.<\/p>\n\n\n\n<p>Detall\u00f3 que para hacerle frente a las olas de calor, permanecer\u00e1 el Programa de Emergencia que establecieron desde marzo de este a\u00f1o, para poder brindar a la poblaci\u00f3n este servicio de entrega de agua gratuita a trav\u00e9s de pipas destinadas principalmente a aquellas zonas en donde el suministro a trav\u00e9s de la red se dificulta. Y mencion\u00f3 que las solicitudes las recibe el Sistema de Aguas de la Ciudad de M\u00e9xico, principalmente a trav\u00e9s de LOCATEL.<\/p>\n\n\n\n<h2 class=\"wp-block-heading\"><strong>Rehabilitaci\u00f3n de pozos<\/strong><\/h2>\n\n\n\n<p>\u201cSeguimos revisando los convenios que nos permitan continuar sin interrupci\u00f3n las labores de perforaci\u00f3n y puesta en servicio de m\u00e1s pozos. En especial, con Ecatepec tenemos la perforaci\u00f3n de 12 pozos; ocho para la ciudad de M\u00e9xico, cuatro para el municipio de Ecatepec.<\/p>\n\n\n\n<p>En coordinaci\u00f3n con la&nbsp;<strong>Comisi\u00f3n Nacional del Agua y con la Comisi\u00f3n de Aguas del Estado de M\u00e9xico, la perforaci\u00f3n de ocho pozos m\u00e1s en los ramales del PAI Norte, Plan de Acci\u00f3n Inmediata Norte.<\/strong><\/p>\n\n\n\n<p>Y atienden condiciones especiales dentro de la Ciudad de M\u00e9xico que les permitir\u00e1n rehabilitar, reponer pozos tan importantes como el del CUPA, Centro Urbano Presidente Alem\u00e1n, en el Eje 7, muy cerca del Hospital 20 de Noviembre.<\/p>\n\n\n\n<p>\u201cTrabajamos en la rehabilitaci\u00f3n de pozos porque todo equipo mec\u00e1nico y el\u00e9ctrico es susceptible de sufrir alg\u00fan da\u00f1o. \u00bfQu\u00e9 es lo que hacemos? Identificarlo, saber cu\u00e1ntos son, saber d\u00f3nde est\u00e1n y reforzar tambi\u00e9n todos los esquemas de disponibilidad de equipos nuevos o reparados, puntos que revisamos en esa reuni\u00f3n de todas las ma\u00f1anas\u201d.<\/p>\n\n\n\n<p>Adem\u00e1s de tener campa\u00f1as de informaci\u00f3n a la poblaci\u00f3n que reforzar\u00e1n para que se tenga certeza de las acciones que lleva a cabo el gobierno, a trav\u00e9s del Sistema de Aguas de la Ciudad de M\u00e9xico, en atenci\u00f3n a esta problem\u00e1tica de mayor consumo y, por lo tanto, demanda de agua de la poblaci\u00f3n.<\/p>\n\n\n\n<p><a href=\"https:\/\/www.la-prensa.com.mx\/metropoli\/sequia-en-en-valle-de-mexico-entraran-445-litros-de-agua-por-segundo-la-siguiente-semana-a-cdmx-10271924.html\">https:\/\/www.la-prensa.com.mx\/metropoli\/sequia-en-en-valle-de-mexico-entraran-445-litros-de-agua-por-segundo-la-siguiente-semana-a-cdmx-10271924.html<\/a><\/p>\n","protected":false},"excerpt":{"rendered":"<p>Domingo 25 de junio 2023 Esto ser\u00e1 posible por la rehabilitaci\u00f3n de 10 pozos, se\u00f1al&#8230;<\/p>\n","protected":false},"author":3,"featured_media":0,"comment_status":"closed","ping_status":"closed","sticky":false,"template":"","format":"standard","meta":{"footnotes":""},"categories":[4],"tags":[],"class_list":["post-60850","post","type-post","status-publish","format-standard","hentry","category-noticias-del-dia"],"_links":{"self":[{"href":"https:\/\/bambapolitica.com.mx\/index.php\/wp-json\/wp\/v2\/posts\/60850","targetHints":{"allow":["GET"]}}],"collection":[{"href":"https:\/\/bambapolitica.com.mx\/index.php\/wp-json\/wp\/v2\/posts"}],"about":[{"href":"https:\/\/bambapolitica.com.mx\/index.php\/wp-json\/wp\/v2\/types\/post"}],"author":[{"embeddable":true,"href":"https:\/\/bambapolitica.com.mx\/index.php\/wp-json\/wp\/v2\/users\/3"}],"replies":[{"embeddable":true,"href":"https:\/\/bambapolitica.com.mx\/index.php\/wp-json\/wp\/v2\/comments?post=60850"}],"version-history":[{"count":1,"href":"https:\/\/bambapolitica.com.mx\/index.php\/wp-json\/wp\/v2\/posts\/60850\/revisions"}],"predecessor-version":[{"id":60851,"href":"https:\/\/bambapolitica.com.mx\/index.php\/wp-json\/wp\/v2\/posts\/60850\/revisions\/60851"}],"wp:attachment":[{"href":"https:\/\/bambapolitica.com.mx\/index.php\/wp-json\/wp\/v2\/media?parent=60850"}],"wp:term":[{"taxonomy":"category","embeddable":true,"href":"https:\/\/bambapolitica.com.mx\/index.php\/wp-json\/wp\/v2\/categories?post=60850"},{"taxonomy":"post_tag","embeddable":true,"href":"https:\/\/bambapolitica.com.mx\/index.php\/wp-json\/wp\/v2\/tags?post=60850"}],"curies":[{"name":"wp","href":"https:\/\/api.w.org\/{rel}","templated":true}]}}