{"id":61173,"date":"2023-07-08T12:21:56","date_gmt":"2023-07-08T18:21:56","guid":{"rendered":"http:\/\/bambapolitica.com.mx\/?p=61173"},"modified":"2023-07-08T12:21:59","modified_gmt":"2023-07-08T18:21:59","slug":"somos-un-gobierno-que-trabaja-por-la-educacion-armando-garcia-mendez","status":"publish","type":"post","link":"https:\/\/bambapolitica.com.mx\/index.php\/2023\/07\/08\/somos-un-gobierno-que-trabaja-por-la-educacion-armando-garcia-mendez\/","title":{"rendered":"Somos un gobierno que trabaja por la educaci\u00f3n: Armando Garc\u00eda M\u00e9ndez"},"content":{"rendered":"\n<p>Sabado 8 de julio 2023<\/p>\n\n\n\n<p>En beneficio de los estudiantes del CAM 55 y del preescolar \u201cX\u00f3chitl\u201d, el gobierno municipal encabezado por Armando Garc\u00eda M\u00e9ndez, entreg\u00f3 un arco techo y la construcci\u00f3n de una explanada c\u00edvica.<\/p>\n\n\n\n<p>Los estudiantes del Centro de Atenci\u00f3n M\u00faltiple 55 \u201cRosa Agazzi\u201d, plantel escolar que brinda educaci\u00f3n especial a ni\u00f1as, ni\u00f1os y adolescentes con alguna discapacidad, adem\u00e1s de los alumnos del preescolar \u201cX\u00f3chitl\u201d, fueron apoyados por el Presidente Municipal, Armando Garc\u00eda M\u00e9ndez, con obras que les permitir\u00e1n mejorar sus escuelas de manera importante.<br>En el CAM 55, ubicado en la calle Sur 6, en la colonia Ni\u00f1os H\u00e9roes I, acompa\u00f1ado por la directora, la maestra Mar\u00eda Elizabet Ruiz Ulloa, padres de familia y la comunidad escolar, el alcalde hizo entrega de un arco techo de 300 metros que habr\u00e1 de beneficiar a 93 alumnos, al protegerlos de la exposici\u00f3n al sol y otras inclemencias del tiempo.<br>Por lo que la directora del plantel agradeci\u00f3 el apoyo y se\u00f1al\u00f3 que todos los estudiantes deben tener acceso a estas instalaciones que ayudan en mucho a dignificar los espacios escolares y son muestra de que el gobierno municipal esta realmente comprometido con la educaci\u00f3n.<br>La segunda obra entregada en la colonia Alfredo Baranda, fue la construcci\u00f3n de una explanada c\u00edvica de 217 metros cuadrados, adem\u00e1s de la edificaci\u00f3n de una cisterna equipada con bomba de agua en beneficio de los estudiantes del preescolar \u201cX\u00f3chitl\u201d y padres de familia.<br>Aqu\u00ed, el edil record\u00f3 que meses atr\u00e1s, cuando inaugur\u00f3 el arco techo del plantel, una ni\u00f1a le solicit\u00f3 ampliar la explanada. \u201cElla me dijo que estaba a la mitad y que no les alcanzaba para bailar ni jugar; aqu\u00ed est\u00e1, logramos cumplir su petici\u00f3n\u201d, se\u00f1al\u00f3 y agradeci\u00f3 al Cabildo el apoyo brindado para impulsar esta infraestructura escolar en favor de la educaci\u00f3n.<br>En ese sentido, en su mensaje, reafirm\u00f3 su compromiso con la educaci\u00f3n. \u201cSomos un gobierno preocupado por la educaci\u00f3n de la ni\u00f1ez; aqu\u00ed estamos cumpliendo nuestra palabra\u201d, afirm\u00f3.<br>Obras, que la directora escolar, Guadalupe L\u00f3pez Ch\u00e1vez, dijo, son muestra de que la escuela va mejorando y demuestran que el Presidente Municipal es un aliado de la educaci\u00f3n.<br>En la entrega de esta infraestructura escolar, el Ejecutivo Municipal estuvo acompa\u00f1ado por la S\u00edndico Municipal, Yadira G\u00f3mez Agu\u00ed\u00f1iga; los regidores Celestino Barrera M\u00e9ndez, Marco Antonio Vilchis Lara, Florencio Genaro Anguiano Lazcano y Orlando Llera Vargas; el Secretario del Ayuntamiento, Alan Velasco Aguero; los directores de Obras P\u00fablicas, Rafael Reyes Ayala; Educaci\u00f3n y Cultura, \u00c1ngel Javier Lazcano Belmont; adem\u00e1s de los delegados de las colonias visitadas.<\/p>\n","protected":false},"excerpt":{"rendered":"<p>Sabado 8 de julio 2023 En beneficio de los estudiantes del CAM 55 y del&#8230;<\/p>\n","protected":false},"author":3,"featured_media":61174,"comment_status":"closed","ping_status":"closed","sticky":false,"template":"","format":"standard","meta":{"footnotes":""},"categories":[4],"tags":[],"class_list":["post-61173","post","type-post","status-publish","format-standard","has-post-thumbnail","hentry","category-noticias-del-dia"],"_links":{"self":[{"href":"https:\/\/bambapolitica.com.mx\/index.php\/wp-json\/wp\/v2\/posts\/61173","targetHints":{"allow":["GET"]}}],"collection":[{"href":"https:\/\/bambapolitica.com.mx\/index.php\/wp-json\/wp\/v2\/posts"}],"about":[{"href":"https:\/\/bambapolitica.com.mx\/index.php\/wp-json\/wp\/v2\/types\/post"}],"author":[{"embeddable":true,"href":"https:\/\/bambapolitica.com.mx\/index.php\/wp-json\/wp\/v2\/users\/3"}],"replies":[{"embeddable":true,"href":"https:\/\/bambapolitica.com.mx\/index.php\/wp-json\/wp\/v2\/comments?post=61173"}],"version-history":[{"count":1,"href":"https:\/\/bambapolitica.com.mx\/index.php\/wp-json\/wp\/v2\/posts\/61173\/revisions"}],"predecessor-version":[{"id":61175,"href":"https:\/\/bambapolitica.com.mx\/index.php\/wp-json\/wp\/v2\/posts\/61173\/revisions\/61175"}],"wp:featuredmedia":[{"embeddable":true,"href":"https:\/\/bambapolitica.com.mx\/index.php\/wp-json\/wp\/v2\/media\/61174"}],"wp:attachment":[{"href":"https:\/\/bambapolitica.com.mx\/index.php\/wp-json\/wp\/v2\/media?parent=61173"}],"wp:term":[{"taxonomy":"category","embeddable":true,"href":"https:\/\/bambapolitica.com.mx\/index.php\/wp-json\/wp\/v2\/categories?post=61173"},{"taxonomy":"post_tag","embeddable":true,"href":"https:\/\/bambapolitica.com.mx\/index.php\/wp-json\/wp\/v2\/tags?post=61173"}],"curies":[{"name":"wp","href":"https:\/\/api.w.org\/{rel}","templated":true}]}}