{"id":61176,"date":"2023-07-08T12:23:22","date_gmt":"2023-07-08T18:23:22","guid":{"rendered":"http:\/\/bambapolitica.com.mx\/?p=61176"},"modified":"2023-07-08T12:23:23","modified_gmt":"2023-07-08T18:23:23","slug":"reportan-desaparicion-del-periodista-nayarita-martin-sanchez","status":"publish","type":"post","link":"https:\/\/bambapolitica.com.mx\/index.php\/2023\/07\/08\/reportan-desaparicion-del-periodista-nayarita-martin-sanchez\/","title":{"rendered":"Reportan desaparici\u00f3n del periodista nayarita Mart\u00edn S\u00e1nchez"},"content":{"rendered":"\n<p>Sabado 8 de julio 2023<\/p>\n\n\n\n<p>El corresponsal en Nayarit de &#8220;La Jornada&#8221; y colaborador de &#8220;critticadn.mx&#8221;, al parecer fue &#8220;levantado&#8221; cuando estaba en su propia casa.<\/p>\n\n\n\n<p>Por Lenin Guardado<\/p>\n\n\n\n<p>Luis Mart\u00edn S\u00e1nchez \u00cd\u00f1iguez, corresponsal de La Jornada en Tepic, Nayarit, y colaborador de criticadn.mx, se encuentra desaparecido desde el pasado mi\u00e9rcoles en la noche, seg\u00fan datos oficiales.<br>Su esposa, Cecilia L\u00f3pez Aguilar, se present\u00f3 este viernes ante la Fiscal\u00eda Especializada en Investigaci\u00f3n de Personas Desaparecidas perteneciente a la Fiscal\u00eda General de Nayarit.<\/p>\n\n\n\n<p>Se conoce que al parecer fue sacado de su propia casa cuando el periodista se encontraba solo, y se llevaron tambi\u00e9n su equipo de c\u00f3mputo, discos externos y un tel\u00e9fono celular.<\/p>\n\n\n\n<p>En su declaraci\u00f3n, la esposa del comunicador detall\u00f3 que en la casa encontr\u00f3 los pantalones que ese d\u00eda vest\u00eda Luis Mart\u00edn, con su cartera e identificaciones, menos la credencial de La Jornada, que era la que portaba en primer lugar.<\/p>\n\n\n\n<p>La se\u00f1ora L\u00f3pez Aguilar relat\u00f3 que Luis Mart\u00edn la llev\u00f3 ese d\u00eda al municipio de Acaponeta, a visitar a unos familiares; el periodista regres\u00f3 en autob\u00fas a Tepic pues al d\u00eda siguiente ten\u00eda que realizar unas diligencias relacionadas con las placas de un veh\u00edculo de un pariente.<\/p>\n\n\n\n<p>Por la noche se comunicaron, pero alrededor de las 20:43 horas Luis Mart\u00edn le avis\u00f3 que se hab\u00eda ido la luz; suspendieron la comunicaci\u00f3n y desde ese momento Cecilia L\u00f3pez no volvi\u00f3 a saber m\u00e1s de \u00e9l.<\/p>\n\n\n\n<p>La noche del jueves pidi\u00f3 a su hijo que fuera a ver c\u00f3mo se encontraba su padre, pero no lo localiz\u00f3.<\/p>\n\n\n\n<p>Cecilia L\u00f3pez inform\u00f3 que este viernes, su hija, residente en el estado de San Luis Potos\u00ed, recibi\u00f3 una llamada telef\u00f3nica de alguien que \u201cten\u00eda que decirle algo importante con relaci\u00f3n a su padre\u201d pero como en ese momento no se encontraba, el desconocido no quiso dejar el mensaje a la persona que contest\u00f3.<\/p>\n\n\n\n<p>La Fiscal\u00eda General de Nayarit y dem\u00e1s autoridades estatales hacen lo posible para localizarlo con bien.<\/p>\n\n\n\n<p>Por lo tanto se solicita a la sociedad en general su colaboraci\u00f3n para llevar a cabo la pronta localizaci\u00f3n del periodista Mart\u00edn S\u00e1nchez, quien tiene en el medio al menos unos 40 a\u00f1os.<\/p>\n\n\n\n<p>Cualquier informaci\u00f3n comunicarse a la Fiscal\u00eda Especializada en Investigaci\u00f3n de Personas Desaparecidas 129 6000 ext. 17267.<\/p>\n","protected":false},"excerpt":{"rendered":"<p>Sabado 8 de julio 2023 El corresponsal en Nayarit de &#8220;La Jornada&#8221; y colaborador de&#8230;<\/p>\n","protected":false},"author":3,"featured_media":61177,"comment_status":"closed","ping_status":"closed","sticky":false,"template":"","format":"standard","meta":{"footnotes":""},"categories":[4],"tags":[],"class_list":["post-61176","post","type-post","status-publish","format-standard","has-post-thumbnail","hentry","category-noticias-del-dia"],"_links":{"self":[{"href":"https:\/\/bambapolitica.com.mx\/index.php\/wp-json\/wp\/v2\/posts\/61176","targetHints":{"allow":["GET"]}}],"collection":[{"href":"https:\/\/bambapolitica.com.mx\/index.php\/wp-json\/wp\/v2\/posts"}],"about":[{"href":"https:\/\/bambapolitica.com.mx\/index.php\/wp-json\/wp\/v2\/types\/post"}],"author":[{"embeddable":true,"href":"https:\/\/bambapolitica.com.mx\/index.php\/wp-json\/wp\/v2\/users\/3"}],"replies":[{"embeddable":true,"href":"https:\/\/bambapolitica.com.mx\/index.php\/wp-json\/wp\/v2\/comments?post=61176"}],"version-history":[{"count":1,"href":"https:\/\/bambapolitica.com.mx\/index.php\/wp-json\/wp\/v2\/posts\/61176\/revisions"}],"predecessor-version":[{"id":61178,"href":"https:\/\/bambapolitica.com.mx\/index.php\/wp-json\/wp\/v2\/posts\/61176\/revisions\/61178"}],"wp:featuredmedia":[{"embeddable":true,"href":"https:\/\/bambapolitica.com.mx\/index.php\/wp-json\/wp\/v2\/media\/61177"}],"wp:attachment":[{"href":"https:\/\/bambapolitica.com.mx\/index.php\/wp-json\/wp\/v2\/media?parent=61176"}],"wp:term":[{"taxonomy":"category","embeddable":true,"href":"https:\/\/bambapolitica.com.mx\/index.php\/wp-json\/wp\/v2\/categories?post=61176"},{"taxonomy":"post_tag","embeddable":true,"href":"https:\/\/bambapolitica.com.mx\/index.php\/wp-json\/wp\/v2\/tags?post=61176"}],"curies":[{"name":"wp","href":"https:\/\/api.w.org\/{rel}","templated":true}]}}