{"id":61183,"date":"2023-07-08T12:30:16","date_gmt":"2023-07-08T18:30:16","guid":{"rendered":"http:\/\/bambapolitica.com.mx\/?p=61183"},"modified":"2023-07-08T12:30:18","modified_gmt":"2023-07-08T18:30:18","slug":"primera-semana-de-julio-2023-registra-469-asesinatos-en-mexico","status":"publish","type":"post","link":"https:\/\/bambapolitica.com.mx\/index.php\/2023\/07\/08\/primera-semana-de-julio-2023-registra-469-asesinatos-en-mexico\/","title":{"rendered":"Primera semana de julio 2023 registra 469 asesinatos en M\u00e9xico"},"content":{"rendered":"\n<p>Sabado 8 de julio 2023<\/p>\n\n\n\n<h2 class=\"wp-block-heading\">La cifra representa unpromedio de 67 personas asesinadas a diario<\/h2>\n\n\n\n<p>Un promedio de\u00a0<a rel=\"noreferrer noopener\" href=\"https:\/\/www.eluniversal.com.mx\/tag\/homicidios-dolosos\/\" target=\"_blank\">67 personas fueron asesinadas<\/a>\u00a0diariamente en el pa\u00eds en la primera semana de julio, en la que se registraron 469 v\u00edctimas, en cifras preliminares de la Secretar\u00eda de Seguridad y Protecci\u00f3n Ciudadana (SSPC).<\/p>\n\n\n\n<p>Nuevamente Guanajuato encabeza la lista de los estados m\u00e1s violentos del pa\u00eds, en n\u00fameros absolutos, al registrar 64 asesinatos del 1 al 7 de julio, la mayor\u00eda el pasado mi\u00e9rcoles y jueves, en el que se contabilizaron 13 y 14 muertes intencionales, respectivamente.<\/p>\n\n\n\n<p>En segundo lugar se ubica el Estado de M\u00e9xico, 48 asesinatos; Baja California, 40; Michoac\u00e1n, 34; Jalisco, 29; Guerrero, 23; Tamaulipas, 20; Nuevo Le\u00f3n, 19; Morelos, 17; Sonora, 17; Ciudad de M\u00e9xico, 16; Chihuahua, 15; Veracruz, 13; Zacatecas, 12, seg\u00fan el reporte diario de la SSPC elaborado con base en los reportes de las fiscal\u00edas o procuradur\u00edas del pa\u00eds.<\/p>\n\n\n\n<p>Entre los hechos m\u00e1s violentos registrados en la primera semana de julio, destacan el hallazgo en la capital del Estado de M\u00e9xico de restos humanos colgados en un puente peatonal, hecho atribuido al grupo criminal de La Familia Michoacana.<\/p>\n\n\n\n<h2 class=\"wp-block-heading\">El fusilamiento en Apodaca<\/h2>\n\n\n\n<p>Asimismo, el asesinato con el tiro de gracia de cuatro hombres y dos mujeres en el municipio de Apodaca, Nuevo Le\u00f3n, la madrugada del martes.<\/p>\n\n\n\n<p>En Valle Hermoso, Tamaulipas, elementos del Ej\u00e9rcito abatieron a 9 civiles armados al repeler una agresi\u00f3n cuando personal militar se trasladaba sobre la carretera Valle Hermoso-San Fernando.<\/p>\n\n\n\n<p>Enfrentamientos entre grupos de la delincuencia organizada, dejaron tres muerto el domingo en Caborca, Sonora.<\/p>\n\n\n\n<p>Tras el asesinato del fundador de las autodefensas de La Ruana, Hip\u00f3lito Mora Ch\u00e1vez, Michoac\u00e1n registr\u00f3 el mi\u00e9rcoles pasado 11 asesinatos en diferentes hechos.<\/p>\n\n\n\n<p>En la primera semana de julio, el presidente Andr\u00e9s Manuel L\u00f3pez Obrador se refiri\u00f3 a la situaci\u00f3n de violencia que azota al pa\u00eds y culp\u00f3 a los medios de comunicaci\u00f3n de \u201camarillistas y con prop\u00f3sitos politiqueros\u201d cuando tocan el tema de la violencia.<\/p>\n\n\n\n<p>\u201cClaro que nos preocupa, no s\u00f3lo nos preocupa, nos ocupa el tema\u201d.<\/p>\n\n\n\n<p><a href=\"https:\/\/www.eluniversal.com.mx\/nacion\/primera-semana-de-julio-2023-registra-469-asesinatos-en-mexico\/\">https:\/\/www.eluniversal.com.mx\/nacion\/primera-semana-de-julio-2023-registra-469-asesinatos-en-mexico\/<\/a><\/p>\n","protected":false},"excerpt":{"rendered":"<p>Sabado 8 de julio 2023 La cifra representa unpromedio de 67 personas asesinadas a diario&#8230;<\/p>\n","protected":false},"author":3,"featured_media":61184,"comment_status":"closed","ping_status":"closed","sticky":false,"template":"","format":"standard","meta":{"footnotes":""},"categories":[4],"tags":[],"class_list":["post-61183","post","type-post","status-publish","format-standard","has-post-thumbnail","hentry","category-noticias-del-dia"],"_links":{"self":[{"href":"https:\/\/bambapolitica.com.mx\/index.php\/wp-json\/wp\/v2\/posts\/61183","targetHints":{"allow":["GET"]}}],"collection":[{"href":"https:\/\/bambapolitica.com.mx\/index.php\/wp-json\/wp\/v2\/posts"}],"about":[{"href":"https:\/\/bambapolitica.com.mx\/index.php\/wp-json\/wp\/v2\/types\/post"}],"author":[{"embeddable":true,"href":"https:\/\/bambapolitica.com.mx\/index.php\/wp-json\/wp\/v2\/users\/3"}],"replies":[{"embeddable":true,"href":"https:\/\/bambapolitica.com.mx\/index.php\/wp-json\/wp\/v2\/comments?post=61183"}],"version-history":[{"count":1,"href":"https:\/\/bambapolitica.com.mx\/index.php\/wp-json\/wp\/v2\/posts\/61183\/revisions"}],"predecessor-version":[{"id":61185,"href":"https:\/\/bambapolitica.com.mx\/index.php\/wp-json\/wp\/v2\/posts\/61183\/revisions\/61185"}],"wp:featuredmedia":[{"embeddable":true,"href":"https:\/\/bambapolitica.com.mx\/index.php\/wp-json\/wp\/v2\/media\/61184"}],"wp:attachment":[{"href":"https:\/\/bambapolitica.com.mx\/index.php\/wp-json\/wp\/v2\/media?parent=61183"}],"wp:term":[{"taxonomy":"category","embeddable":true,"href":"https:\/\/bambapolitica.com.mx\/index.php\/wp-json\/wp\/v2\/categories?post=61183"},{"taxonomy":"post_tag","embeddable":true,"href":"https:\/\/bambapolitica.com.mx\/index.php\/wp-json\/wp\/v2\/tags?post=61183"}],"curies":[{"name":"wp","href":"https:\/\/api.w.org\/{rel}","templated":true}]}}