{"id":61186,"date":"2023-07-08T12:32:33","date_gmt":"2023-07-08T18:32:33","guid":{"rendered":"http:\/\/bambapolitica.com.mx\/?p=61186"},"modified":"2023-07-08T12:32:35","modified_gmt":"2023-07-08T18:32:35","slug":"al-menos-dos-personas-murieron-en-el-incendio-en-la-plataforma-petrolera-nohoch-alfa-en-el-golfo-de-mexico","status":"publish","type":"post","link":"https:\/\/bambapolitica.com.mx\/index.php\/2023\/07\/08\/al-menos-dos-personas-murieron-en-el-incendio-en-la-plataforma-petrolera-nohoch-alfa-en-el-golfo-de-mexico\/","title":{"rendered":"Al menos dos personas murieron en el incendio en la plataforma petrolera Nohoch Alfa, en el Golfo de M\u00e9xico"},"content":{"rendered":"\n<p>Sabado 8 de julio 2023<\/p>\n\n\n\n<p>Al menos dos personas murieron y una est\u00e1 desaparecida luego de que se produjera un incendio este viernes en la plataforma petrolera Nohoch Alfa, en la Bah\u00eda de Campeche en el Golfo de M\u00e9xico, dijo la estatal Petr\u00f3leos Mexicanos (Pemex) en&nbsp;<a href=\"https:\/\/twitter.com\/Pemex\/status\/1677466185506463744\" target=\"_blank\" rel=\"noreferrer noopener\">un tuit<\/a>.<\/p>\n\n\n\n<p>En un comunicado en video publicado en la cuenta de Twitter de Pemex, el director de Pemex, Octavio Romero Oropeza, dijo que las dos personas que murieron y la desaparecida son de la empresa que trabajaba en la instalaci\u00f3n y no de Pemex. Oropeza dijo que la parte de la plataforma donde se inici\u00f3 el fuego qued\u00f3 completamente destruida y que Pemex investiga qu\u00e9 provoc\u00f3 el incendio.<\/p>\n\n\n\n<p>Los esfuerzos de Pemex ahora se centran en buscar a la persona desaparecida y en reanudar las operaciones, dijo Oropeza.<\/p>\n\n\n\n<p>Pemex hab\u00eda informado m\u00e1s temprano que 321 trabajadores de los 328 que se encontraban trabajando en la estructura ya fueron evacuados, y se han enviado cuatro embarcaciones para control de incendios.<\/p>\n\n\n\n<p>La estatal agreg\u00f3 en su comunicado que &#8220;seguir\u00e1 informando en el transcurso del d\u00eda el control, extinci\u00f3n del fuego y evaluaci\u00f3n de da\u00f1os&#8221;.<\/p>\n\n\n\n<p>Algunos empleados de otras plataformas del activo de producci\u00f3n Cantarell dijeron a CNN que las llamas se llegan a ver desde las plataformas cercanas, por lo que el siniestro parece de magnitud considerable.<\/p>\n\n\n\n<p>Los trabajadores agregaron que se desplegaron embarcaciones para evacuar a unos 180 obreros y otras para labores de extinci\u00f3n del incendio. CNN est\u00e1 tratando de contactar a Pemex para obtener m\u00e1s detalles del incidente.<\/p>\n\n\n\n<p><a href=\"https:\/\/cnnespanol.cnn.com\/2023\/07\/07\/incendio-plataforma-petrolera-nohoch-alfa-golfo-mexico-pemex-orix\/\">https:\/\/cnnespanol.cnn.com\/2023\/07\/07\/incendio-plataforma-petrolera-nohoch-alfa-golfo-mexico-pemex-orix\/<\/a><\/p>\n","protected":false},"excerpt":{"rendered":"<p>Sabado 8 de julio 2023 Al menos dos personas murieron y una est\u00e1 desaparecida luego&#8230;<\/p>\n","protected":false},"author":3,"featured_media":61187,"comment_status":"closed","ping_status":"closed","sticky":false,"template":"","format":"standard","meta":{"footnotes":""},"categories":[4],"tags":[],"class_list":["post-61186","post","type-post","status-publish","format-standard","has-post-thumbnail","hentry","category-noticias-del-dia"],"_links":{"self":[{"href":"https:\/\/bambapolitica.com.mx\/index.php\/wp-json\/wp\/v2\/posts\/61186","targetHints":{"allow":["GET"]}}],"collection":[{"href":"https:\/\/bambapolitica.com.mx\/index.php\/wp-json\/wp\/v2\/posts"}],"about":[{"href":"https:\/\/bambapolitica.com.mx\/index.php\/wp-json\/wp\/v2\/types\/post"}],"author":[{"embeddable":true,"href":"https:\/\/bambapolitica.com.mx\/index.php\/wp-json\/wp\/v2\/users\/3"}],"replies":[{"embeddable":true,"href":"https:\/\/bambapolitica.com.mx\/index.php\/wp-json\/wp\/v2\/comments?post=61186"}],"version-history":[{"count":1,"href":"https:\/\/bambapolitica.com.mx\/index.php\/wp-json\/wp\/v2\/posts\/61186\/revisions"}],"predecessor-version":[{"id":61188,"href":"https:\/\/bambapolitica.com.mx\/index.php\/wp-json\/wp\/v2\/posts\/61186\/revisions\/61188"}],"wp:featuredmedia":[{"embeddable":true,"href":"https:\/\/bambapolitica.com.mx\/index.php\/wp-json\/wp\/v2\/media\/61187"}],"wp:attachment":[{"href":"https:\/\/bambapolitica.com.mx\/index.php\/wp-json\/wp\/v2\/media?parent=61186"}],"wp:term":[{"taxonomy":"category","embeddable":true,"href":"https:\/\/bambapolitica.com.mx\/index.php\/wp-json\/wp\/v2\/categories?post=61186"},{"taxonomy":"post_tag","embeddable":true,"href":"https:\/\/bambapolitica.com.mx\/index.php\/wp-json\/wp\/v2\/tags?post=61186"}],"curies":[{"name":"wp","href":"https:\/\/api.w.org\/{rel}","templated":true}]}}