{"id":61192,"date":"2023-07-08T12:36:31","date_gmt":"2023-07-08T18:36:31","guid":{"rendered":"http:\/\/bambapolitica.com.mx\/?p=61192"},"modified":"2023-07-08T12:36:33","modified_gmt":"2023-07-08T18:36:33","slug":"amlo-perdio-toda-la-gracia-para-gobernar-santiago-creel","status":"publish","type":"post","link":"https:\/\/bambapolitica.com.mx\/index.php\/2023\/07\/08\/amlo-perdio-toda-la-gracia-para-gobernar-santiago-creel\/","title":{"rendered":"AMLO perdi\u00f3 toda la gracia para gobernar: Santiago Creel"},"content":{"rendered":"\n<p>Sabado 8 de julio 2023<\/p>\n\n\n\n<h3 class=\"wp-block-heading\">Para el panista las corcholatas representan exactamente lo mismo, ya que ninguna de ellas se va atrever a contradecir al presidente L\u00f3pez Obrador, ni a restablecer el Seguro Popular o las Estancias Infantiles que cancel\u00f3 el gobierno<\/h3>\n\n\n\n<p>El aspirante a la&nbsp;<strong>candidatura presidencial<\/strong>&nbsp;del<strong><a href=\"https:\/\/www.elsoldemexico.com.mx\/mexico\/politica\/divide-a-movimiento-ciudadano-invitacion-del-frente-amplio-por-mexico-para-sumarse-a-bloque-opositor-10339421.html\">&nbsp;Frente Amplio por M\u00e9xico&nbsp;<\/a><\/strong>asegura que el&nbsp;<strong>Presidente<\/strong>&nbsp;es el responsable de la<strong>&nbsp;violencia, homicidios, desapariciones, feminicidios<\/strong>, muertes por la pandemia que pudieron haberse evitado, lo que lo convierte en un desgraciado por ocasionar estas desgracias. El&nbsp;<strong>panista<\/strong>&nbsp;afirma que ninguna corcholata podr\u00e1&nbsp;<strong>vencer<\/strong>&nbsp;al&nbsp;<strong>candidato de oposici\u00f3n.<\/strong><\/p>\n\n\n\n<p><strong>Santiago Creel Miranda<\/strong>\u00a0asegur\u00f3 que\u00a0<strong>Andr\u00e9s Manuel L\u00f3pez Obrador\u00a0<\/strong>perdi\u00f3 la gracia para ser Presidente de M\u00e9xico debido a las decisiones que ha tomado desde el poder.<\/p>\n\n\n\n<p>En entrevista con El Sol de M\u00e9xico, el aspirante a la<strong>&nbsp;candidatura<\/strong>&nbsp;presidencial del<strong>&nbsp;Frente Amplio por M\u00e9xico<\/strong>, asegur\u00f3 que L\u00f3pez Obrador es un desgraciado por ocasionar desgracias como la<strong>&nbsp;violencia<\/strong>&nbsp;o las muertes durante la pandemia, adem\u00e1s de polarizar al pa\u00eds.<\/p>\n\n\n\n<p>De ser el candidato del&nbsp;<strong>Frente Amplio por M\u00e9xico<\/strong>, \u00bfcon cu\u00e1l de las corcholatas de Andr\u00e9s Manuel L\u00f3pez Obrador le gustar\u00eda competir?<\/p>\n\n\n\n<p>Para m\u00ed representan exactamente lo mismo, porque ninguna de ellas se va atrever a contradecir al presidente L\u00f3pez Obrador, ninguna va a restablecer el<strong>&nbsp;Seguro Popula<\/strong>r, las<strong>&nbsp;Estancias Infantiles<\/strong>, ninguna de ellas va a respetar al Poder Judicial o la Suprema Corte de Justicia de la Naci\u00f3n, ninguna va a querer que se genere energ\u00eda limpia ni m\u00e1s barata sobre la energ\u00eda de CFE (Comisi\u00f3n Federal de Electricidad) con sus plantas de combust\u00f3leo, ninguna de ellos va a aceptar que fue un error la creaci\u00f3n y construcci\u00f3n de la refiner\u00eda de Dos Bocas.<\/p>\n\n\n\n<p>Para m\u00ed representan lo mismo, van a querer seguir teniendo como mejores amigos a Nicaragua, Venezuela y Cuba. Entonces todo eso es exactamente lo mismo.<\/p>\n\n\n\n<p><strong>\u00bfSantiago Creel le garantiza a la poblaci\u00f3n que se recuperar\u00e1n muchas cosas perdidas en este sexenio?<\/strong><\/p>\n\n\n\n<p><img decoding=\"async\" src=\"https:\/\/www.elsoldemexico.com.mx\/mexico\/politica\/vw4ysl-santiago-creel.jpg\/ALTERNATES\/FREE_160\/Santiago%20Creel.jpg\" alt=\"\"><\/p>\n\n\n\n<h4 class=\"wp-block-heading\">Santiago Creel dio una conferencia de prensa ayer en las oficinas del PRD. Foto: Ivonne Rodr\u00edguez | El Sol de M\u00e9xico<\/h4>\n\n\n\n<p>Sin lugar a duda, ser\u00e1 un proceso de reconstrucci\u00f3n de las instituciones, de recuperaci\u00f3n de los programas que ven\u00edan funcionando y est\u00e1n perdidos, desde un Fonden hasta un&nbsp;<strong>Seguro Popular<\/strong>&nbsp;y particularmente la recuperaci\u00f3n del Estado constitucional de derecho y de respeto a la vida institucional del pa\u00eds.<\/p>\n\n\n\n<p><strong>\u00bfSantiago Creel la tiene segura para ganar la representaci\u00f3n por el Frente para ser el candidato a la presidencia? \u00bfSer\u00e1 f\u00e1cil obtener las 150 mil firmas?<\/strong><\/p>\n\n\n\n<p>La decisi\u00f3n final la tiene la gente, yo estoy puesto, decidido, listo para ser el coordinador del<strong>&nbsp;Frente Amplio<\/strong>&nbsp;por M\u00e9xico. Y s\u00ed, ya estoy listo para recabar las firmas o registros en el momento en que abran el registro, yo ya estoy listo, ya est\u00e1 la gente, ya est\u00e1 el equipo, ya est\u00e1n organizados.<\/p>\n\n\n\n<p>En su discurso ante panistas llam\u00f3 a<strong>&nbsp;Andr\u00e9s Manuel L\u00f3pez Obrador<\/strong>&nbsp;desgraciado Presidente por todo lo que ha hecho.<\/p>\n\n\n\n<p><strong>\u00bfA\u00fan sostiene lo que dijo? \u00bfO est\u00e1 en contra de la polarizaci\u00f3n del pa\u00eds?<\/strong><\/p>\n\n\n\n<p>Yo pienso que la polarizaci\u00f3n del pa\u00eds no lleva a ninguna parte, absolutamente no hay un solo pa\u00eds en la historia del mundo que haya salido adelante estando dividido. Entonces, lo primero que hay que hacer llegando (a la Presidencia) es reconciliar al pa\u00eds, es lo primero.<\/p>\n\n\n\n<p>Y s\u00ed lo sostengo, porque ha perdido (<strong>AMLO<\/strong>) toda la gracia que requiere tener un<strong>&nbsp;Presidente<\/strong>&nbsp;para gobernar y la ha perdido por sus decisiones que han generado violencia, muertes, desapariciones, feminicidios, muertes por la pandemia que pudieron haberse evitado, muertes por falta de medicamento, particularmente a ni\u00f1os con c\u00e1ncer.<\/p>\n\n\n\n<p>Todo esto le quita los atributos para poder ser<strong>&nbsp;Presidente de la Rep\u00fablica<\/strong>&nbsp;y por eso es una desgracia tener este gobierno y por eso quien act\u00faa y produce la desgracia es un desgraciado.<\/p>\n\n\n\n<p><strong>\u00bfA qui\u00e9n considera como su mayor enemigo o su mayor obst\u00e1culo en este proceso?<\/strong><\/p>\n\n\n\n<p>El adversario es&nbsp;<strong>Morena<\/strong>, es el gobierno, y el gran enemigo del pa\u00eds es la violencia y la falta de oportunidades. Estos dos males son los que quiero combatir y a los adversarios pol\u00edticos que producen esos males, que son los gobiernos de Morena.<\/p>\n\n\n\n<figure class=\"wp-block-image\"><img decoding=\"async\" src=\"https:\/\/www.elsoldemexico.com.mx\/mexico\/politica\/k30xqu-registro-de-santiago-creel-en-el-pri.-foto-laura-lovera-1.jpeg\/ALTERNATES\/FREE_160\/REGISTRO%20DE%20SANTIAGO%20CREEL%20EN%20EL%20PRI.%20FOTO%20LAURA%20LOVERA%20(1).jpeg\" alt=\"\" title=\"REGISTRO DE SANTIAGO CREEL EN EL PRI. FOTO LAURA LOVERA (1).jpeg\"\/><\/figure>\n\n\n\n<p><strong>\u00bfCree usted que la historia pueda ser utilizada en su contra, por ejemplo, Felipe Calder\u00f3n, Genaro Garc\u00eda Luna o los miles de muertos que dej\u00f3 el PAN durante su gobierno? \u00bfC\u00f3mo enfrentar o apagar ese fuego?<\/strong><\/p>\n\n\n\n<p>Muy sencillo, con las cifras de cuando fui secretario de Gobernaci\u00f3n. Bajamos el crimen violento en un 30 por ciento, de 14 cr\u00edmenes violentos a ocho<strong>&nbsp;cr\u00edmenes violentos&nbsp;<\/strong>por cada 100 mil habitantes, esa es mi historia y esa es mi responsabilidad, lo dem\u00e1s es de otros.<\/p>\n\n\n\n<p>AMLO se ha empe\u00f1ado en meterse en el proceso de elecci\u00f3n del representante del FAM, as\u00ed tambi\u00e9n contra&nbsp;<strong>Santiago Creel<\/strong>.&nbsp;<strong>\u00bfQu\u00e9 mensaje le manda al jefe del Ejecutivo ante esta actitud?<\/strong><\/p>\n\n\n\n<p>Un mensaje de que sea presidente de M\u00e9xico y jefe del Estado mexicano y no sea el presidente de Morena y de un grupo faccioso, antidemocr\u00e1tico, que quiere reventar un proceso electoral.<\/p>\n\n\n\n<p>Se dice que hay un pacto en Va por M\u00e9xico para que el PAN designara al candidato y usted ser\u00eda el elegido<strong>\u00a0\u00bfEs verdad o realmente hay una competencia dentro de este proceso?<\/strong><\/p>\n\n\n\n<p>Existe una competencia real, eso fue en el pasado, ese acuerdo ya se super\u00f3 y lo que ahora prevalece es una competencia para escoger al coordinador en un m\u00e9todo claro y transparente que adem\u00e1s lo gobierna un Consejo Ciudadano.<\/p>\n\n\n\n<p><strong>\u00bfQu\u00e9 pasa si Santiago Creel no gana este proceso?<\/strong><\/p>\n\n\n\n<p>Voy a apoyar hasta el final este proyecto.<\/p>\n\n\n\n<p><a href=\"https:\/\/www.elsoldemexico.com.mx\/mexico\/politica\/amlo-perdio-toda-la-gracia-para-gobernar-santiago-creel-10339962.html\">https:\/\/www.elsoldemexico.com.mx\/mexico\/politica\/amlo-perdio-toda-la-gracia-para-gobernar-santiago-creel-10339962.html<\/a><\/p>\n","protected":false},"excerpt":{"rendered":"<p>Sabado 8 de julio 2023 Para el panista las corcholatas representan exactamente lo mismo, ya&#8230;<\/p>\n","protected":false},"author":3,"featured_media":61193,"comment_status":"closed","ping_status":"closed","sticky":false,"template":"","format":"standard","meta":{"footnotes":""},"categories":[4],"tags":[],"class_list":["post-61192","post","type-post","status-publish","format-standard","has-post-thumbnail","hentry","category-noticias-del-dia"],"_links":{"self":[{"href":"https:\/\/bambapolitica.com.mx\/index.php\/wp-json\/wp\/v2\/posts\/61192","targetHints":{"allow":["GET"]}}],"collection":[{"href":"https:\/\/bambapolitica.com.mx\/index.php\/wp-json\/wp\/v2\/posts"}],"about":[{"href":"https:\/\/bambapolitica.com.mx\/index.php\/wp-json\/wp\/v2\/types\/post"}],"author":[{"embeddable":true,"href":"https:\/\/bambapolitica.com.mx\/index.php\/wp-json\/wp\/v2\/users\/3"}],"replies":[{"embeddable":true,"href":"https:\/\/bambapolitica.com.mx\/index.php\/wp-json\/wp\/v2\/comments?post=61192"}],"version-history":[{"count":1,"href":"https:\/\/bambapolitica.com.mx\/index.php\/wp-json\/wp\/v2\/posts\/61192\/revisions"}],"predecessor-version":[{"id":61194,"href":"https:\/\/bambapolitica.com.mx\/index.php\/wp-json\/wp\/v2\/posts\/61192\/revisions\/61194"}],"wp:featuredmedia":[{"embeddable":true,"href":"https:\/\/bambapolitica.com.mx\/index.php\/wp-json\/wp\/v2\/media\/61193"}],"wp:attachment":[{"href":"https:\/\/bambapolitica.com.mx\/index.php\/wp-json\/wp\/v2\/media?parent=61192"}],"wp:term":[{"taxonomy":"category","embeddable":true,"href":"https:\/\/bambapolitica.com.mx\/index.php\/wp-json\/wp\/v2\/categories?post=61192"},{"taxonomy":"post_tag","embeddable":true,"href":"https:\/\/bambapolitica.com.mx\/index.php\/wp-json\/wp\/v2\/tags?post=61192"}],"curies":[{"name":"wp","href":"https:\/\/api.w.org\/{rel}","templated":true}]}}